{"id":72957,"date":"2025-06-25T00:09:43","date_gmt":"2025-06-25T03:09:43","guid":{"rendered":"https:\/\/www.portalalerta.com.br\/?p=72957"},"modified":"2025-06-25T00:09:44","modified_gmt":"2025-06-25T03:09:44","slug":"fraude-no-inss-devolucao-de-valores-a-aposentados-deve-comecar-em-24-de-julho","status":"publish","type":"post","link":"https:\/\/www.portalalerta.com.br\/index.php\/2025\/06\/25\/fraude-no-inss-devolucao-de-valores-a-aposentados-deve-comecar-em-24-de-julho\/","title":{"rendered":"Fraude no INSS: devolu\u00e7\u00e3o de valores a aposentados deve come\u00e7ar em 24 de julho"},"content":{"rendered":"\n<p>Gilberto Waller deu a declara\u00e7\u00e3o durante audi\u00eancia de concilia\u00e7\u00e3o convocada pelo ministro Dias Toffoli, do Supremo Tribunal Federal<\/p>\n\n\n\n<!--more-->\n\n\n<div class=\"wp-block-image\">\n<figure class=\"alignleft size-large is-resized\"><img fetchpriority=\"high\" decoding=\"async\" src=\"https:\/\/www.portalalerta.com.br\/wp-content\/uploads\/2025\/06\/Real-Sao-Joao-2025-819x1024.jpg\" alt=\"\" class=\"wp-image-72448\" width=\"395\" height=\"493\" srcset=\"https:\/\/www.portalalerta.com.br\/wp-content\/uploads\/2025\/06\/Real-Sao-Joao-2025-819x1024.jpg 819w, https:\/\/www.portalalerta.com.br\/wp-content\/uploads\/2025\/06\/Real-Sao-Joao-2025-192x240.jpg 192w, https:\/\/www.portalalerta.com.br\/wp-content\/uploads\/2025\/06\/Real-Sao-Joao-2025-768x960.jpg 768w, https:\/\/www.portalalerta.com.br\/wp-content\/uploads\/2025\/06\/Real-Sao-Joao-2025.jpg 1024w\" sizes=\"(max-width: 395px) 100vw, 395px\" \/><\/figure><\/div>\n\n\n<p>O presidente do Instituto Nacional do Seguro Social (INSS), Gilberto Waller, afirmou nesta ter\u00e7a-feira (24) que a ideia do \u00f3rg\u00e3o \u00e9 come\u00e7ar a pagar valores que foram descontados indevidamente de aposentadorias e pens\u00f5es a partir de 24 de julho.<\/p>\n\n\n\n<p>Waller deu a declara\u00e7\u00e3o durante audi\u00eancia de concilia\u00e7\u00e3o convocada pelo ministro Dias Toffoli, do Supremo Tribunal Federal, com representantes da Advocacia-Geral da Uni\u00e3o, do Minist\u00e9rio P\u00fablico Federal e da Defensoria P\u00fablica da Uni\u00e3o, al\u00e9m de integrantes do INSS.<\/p>\n\n\n\n<p>O governo vai&nbsp;<a href=\"https:\/\/www.metro1.com.br\/noticias\/politica\/166387,inss-governo-propora-reembolso-mais-agil-a-quem-nao-judicializar\" target=\"_blank\" rel=\"noreferrer noopener\"><strong>propor um acordo aos aposentados e pensionistas lesados<\/strong><\/a>&nbsp;pelas fraudes do Instituto Nacional do Seguro Social (INSS): em troca do reembolso em parcela \u00fanica ainda em 2025, o benefici\u00e1rio dever\u00e1 se comprometer a n\u00e3o entrar na Justi\u00e7a contra a Uni\u00e3o.<\/p>\n\n\n\n<p><em>Fonte: Metro1<\/em><\/p>\n","protected":false},"excerpt":{"rendered":"<p>Gilberto Waller deu a declara\u00e7\u00e3o durante audi\u00eancia de concilia\u00e7\u00e3o convocada pelo ministro Dias Toffoli, do Supremo Tribunal Federal<\/p>\n","protected":false},"author":2,"featured_media":39264,"comment_status":"open","ping_status":"open","sticky":false,"template":"","format":"standard","meta":{"om_disable_all_campaigns":false,"_monsterinsights_skip_tracking":false,"_monsterinsights_sitenote_active":false,"_monsterinsights_sitenote_note":"","_monsterinsights_sitenote_category":0,"footnotes":""},"categories":[34,70,69],"tags":[100,71,48,93,75,4178,4180,3171,129,107,307,249,4181,1963,132,230,106,203,120,51,109,88,47,111,190],"class_list":["post-72957","post","type-post","status-publish","format-standard","has-post-thumbnail","hentry","category-brasil","category-destaques","category-noticias2","tag-adustina","tag-antas","tag-araci","tag-brasil","tag-cicero-dantas","tag-cipo-2","tag-crisopolis-2","tag-devolucao-de-dinheiro","tag-euclides-da-cunha","tag-fatima","tag-fraude","tag-governo-federal","tag-heliopolis-2","tag-inss","tag-itapicuru","tag-jeremoabo","tag-nova-soure","tag-novo-triunfo","tag-olindina","tag-paripiranga","tag-quijingue","tag-ribeira-do-amparo","tag-ribeira-do-pombal","tag-sitio-do-quinto","tag-tucano"],"aioseo_notices":[],"_links":{"self":[{"href":"https:\/\/www.portalalerta.com.br\/index.php\/wp-json\/wp\/v2\/posts\/72957","targetHints":{"allow":["GET"]}}],"collection":[{"href":"https:\/\/www.portalalerta.com.br\/index.php\/wp-json\/wp\/v2\/posts"}],"about":[{"href":"https:\/\/www.portalalerta.com.br\/index.php\/wp-json\/wp\/v2\/types\/post"}],"author":[{"embeddable":true,"href":"https:\/\/www.portalalerta.com.br\/index.php\/wp-json\/wp\/v2\/users\/2"}],"replies":[{"embeddable":true,"href":"https:\/\/www.portalalerta.com.br\/index.php\/wp-json\/wp\/v2\/comments?post=72957"}],"version-history":[{"count":1,"href":"https:\/\/www.portalalerta.com.br\/index.php\/wp-json\/wp\/v2\/posts\/72957\/revisions"}],"predecessor-version":[{"id":72958,"href":"https:\/\/www.portalalerta.com.br\/index.php\/wp-json\/wp\/v2\/posts\/72957\/revisions\/72958"}],"wp:featuredmedia":[{"embeddable":true,"href":"https:\/\/www.portalalerta.com.br\/index.php\/wp-json\/wp\/v2\/media\/39264"}],"wp:attachment":[{"href":"https:\/\/www.portalalerta.com.br\/index.php\/wp-json\/wp\/v2\/media?parent=72957"}],"wp:term":[{"taxonomy":"category","embeddable":true,"href":"https:\/\/www.portalalerta.com.br\/index.php\/wp-json\/wp\/v2\/categories?post=72957"},{"taxonomy":"post_tag","embeddable":true,"href":"https:\/\/www.portalalerta.com.br\/index.php\/wp-json\/wp\/v2\/tags?post=72957"}],"curies":[{"name":"wp","href":"https:\/\/api.w.org\/{rel}","templated":true}]}}