{"id":72959,"date":"2025-06-25T00:13:05","date_gmt":"2025-06-25T03:13:05","guid":{"rendered":"https:\/\/www.portalalerta.com.br\/?p=72959"},"modified":"2025-06-25T00:13:07","modified_gmt":"2025-06-25T03:13:07","slug":"explosao-em-fabrica-clandestina-de-fogos-deixa-dois-feridos-na-bahia","status":"publish","type":"post","link":"https:\/\/www.portalalerta.com.br\/index.php\/2025\/06\/25\/explosao-em-fabrica-clandestina-de-fogos-deixa-dois-feridos-na-bahia\/","title":{"rendered":"Explos\u00e3o em f\u00e1brica clandestina de fogos deixa dois feridos na Bahia"},"content":{"rendered":"\n<p>Uma das v\u00edtimas foi socorrida de helic\u00f3ptero<\/p>\n\n\n\n<!--more-->\n\n\n\n<p>Uma explos\u00e3o em uma f\u00e1brica clandestina de fogos de artif\u00edcio deixou duas pessoas feridas na tarde desta ter\u00e7a-feira (24), na zona rural da cidade de Maragogipe, no rec\u00f4ncavo baiano. O incidente aconteceu na comunidade de&nbsp;Samambaia. Uma das v\u00edtimas precisou ser socorrida de helic\u00f3ptero.&nbsp;<\/p>\n\n\n\n<p>Os feridos s\u00e3o dois jovens de 17 e 25 anos. Um deles foi transferido por uma equipe do&nbsp;Grupamento A\u00e9reo da Pol\u00edcia Militar da Bahia (Graer) para Salvador. O outro, em estado n\u00e3o t\u00e3o grave, foi encaminhado para a capital de ambul\u00e2ncia.&nbsp;<\/p>\n\n\n\n<p>A Pol\u00edcia Civil da Bahia informou que o caso \u00e9 investigado pela&nbsp;Delegacia Territorial (DT\/Maragogipe). Testemunhas est\u00e3o sendo ouvidas e provas s\u00e3o coletadas para determinar as causas da explos\u00e3o.&nbsp;<\/p>\n\n\n\n<p>A festa de S\u00e3o Jo\u00e3o em Maragogipe teve quatro dias de festa, de s\u00e1bado (21) at\u00e9 esta ter\u00e7a-feira (24), e contou com apresenta\u00e7\u00f5es de artistas como Seu Maxixe, Virg\u00edlio e Silvanno Salles.&nbsp;<\/p>\n\n\n\n<p><strong>Opera\u00e7\u00e3o&nbsp;<\/strong><\/p>\n\n\n\n<p>Uma opera\u00e7\u00e3o da Pol\u00edcia Civil apreendeu 2,5 milh\u00f5es de fogos de artif\u00edcio clandestinos na Bahia, nos dias 12, 13, 17 e 18 de junho. Segundo a corpora\u00e7\u00e3o, o montante \u00e9 o maior j\u00e1 registrado no estado em 10 anos, desde que a fiscaliza\u00e7\u00e3o come\u00e7ou. Foram apreendidos fogos em Salvador e em cidades como&nbsp;Cruz das Almas, Santo Ant\u00f4nio de Jesus, Sapea\u00e7u, Serrinha e Feira de Santana.<\/p>\n\n\n\n<p>Al\u00e9m de 58 estabelecimentos comerciais e pontos fiscalizados, as equipes ainda estiveram em um ponto de produ\u00e7\u00e3o ilegal de fogos em Alagoinhas, onde cinco trabalhadores foram resgatados em condi\u00e7\u00f5es semelhantes \u00e0 escravid\u00e3o. Quatro&nbsp;inqu\u00e9ritos foram instaurados para apurar os casos. Os materiais apreendidos foram destru\u00eddos.<\/p>\n\n\n\n<p><em>Fonte: Correio 24horas<\/em><\/p>\n","protected":false},"excerpt":{"rendered":"<p>Uma das v\u00edtimas foi socorrida de helic\u00f3ptero<\/p>\n","protected":false},"author":2,"featured_media":72955,"comment_status":"open","ping_status":"open","sticky":false,"template":"","format":"standard","meta":{"om_disable_all_campaigns":false,"_monsterinsights_skip_tracking":false,"_monsterinsights_sitenote_active":false,"_monsterinsights_sitenote_note":"","_monsterinsights_sitenote_category":0,"footnotes":""},"categories":[33,70,69,22],"tags":[100,71,48,75,4178,4180,129,113,107,393,6150,4181,132,230,3109,106,203,120,51,109,88,47,111,190],"class_list":["post-72959","post","type-post","status-publish","format-standard","has-post-thumbnail","hentry","category-bahia","category-destaques","category-noticias2","category-seguranca","tag-adustina","tag-antas","tag-araci","tag-cicero-dantas","tag-cipo-2","tag-crisopolis-2","tag-euclides-da-cunha","tag-explosao","tag-fatima","tag-feridos","tag-fogos-de-artificio","tag-heliopolis-2","tag-itapicuru","tag-jeremoabo","tag-maragojipe","tag-nova-soure","tag-novo-triunfo","tag-olindina","tag-paripiranga","tag-quijingue","tag-ribeira-do-amparo","tag-ribeira-do-pombal","tag-sitio-do-quinto","tag-tucano"],"aioseo_notices":[],"_links":{"self":[{"href":"https:\/\/www.portalalerta.com.br\/index.php\/wp-json\/wp\/v2\/posts\/72959","targetHints":{"allow":["GET"]}}],"collection":[{"href":"https:\/\/www.portalalerta.com.br\/index.php\/wp-json\/wp\/v2\/posts"}],"about":[{"href":"https:\/\/www.portalalerta.com.br\/index.php\/wp-json\/wp\/v2\/types\/post"}],"author":[{"embeddable":true,"href":"https:\/\/www.portalalerta.com.br\/index.php\/wp-json\/wp\/v2\/users\/2"}],"replies":[{"embeddable":true,"href":"https:\/\/www.portalalerta.com.br\/index.php\/wp-json\/wp\/v2\/comments?post=72959"}],"version-history":[{"count":1,"href":"https:\/\/www.portalalerta.com.br\/index.php\/wp-json\/wp\/v2\/posts\/72959\/revisions"}],"predecessor-version":[{"id":72960,"href":"https:\/\/www.portalalerta.com.br\/index.php\/wp-json\/wp\/v2\/posts\/72959\/revisions\/72960"}],"wp:featuredmedia":[{"embeddable":true,"href":"https:\/\/www.portalalerta.com.br\/index.php\/wp-json\/wp\/v2\/media\/72955"}],"wp:attachment":[{"href":"https:\/\/www.portalalerta.com.br\/index.php\/wp-json\/wp\/v2\/media?parent=72959"}],"wp:term":[{"taxonomy":"category","embeddable":true,"href":"https:\/\/www.portalalerta.com.br\/index.php\/wp-json\/wp\/v2\/categories?post=72959"},{"taxonomy":"post_tag","embeddable":true,"href":"https:\/\/www.portalalerta.com.br\/index.php\/wp-json\/wp\/v2\/tags?post=72959"}],"curies":[{"name":"wp","href":"https:\/\/api.w.org\/{rel}","templated":true}]}}