{"id":72963,"date":"2025-06-25T00:19:34","date_gmt":"2025-06-25T03:19:34","guid":{"rendered":"https:\/\/www.portalalerta.com.br\/?p=72963"},"modified":"2025-06-25T00:19:35","modified_gmt":"2025-06-25T03:19:35","slug":"segunda-vitima-de-disparos-de-arma-de-fogo-em-nova-soure-ba-morre-uma-semana-apos-o-crime","status":"publish","type":"post","link":"https:\/\/www.portalalerta.com.br\/index.php\/2025\/06\/25\/segunda-vitima-de-disparos-de-arma-de-fogo-em-nova-soure-ba-morre-uma-semana-apos-o-crime\/","title":{"rendered":"Segunda v\u00edtima de disparos de arma de fogo em Nova Soure-BA, morre uma semana ap\u00f3s o crime"},"content":{"rendered":"\n<p>Um jovem conhecido pelo prenome Luciano, n\u00e3o resistiu aos ferimentos e teve o seu \u00f3bito anunciado na \u00faltima segunda-feira (23), no Hospital Geral Cleriston Andrade, em Feira de Santana-BA.<\/p>\n\n\n\n<!--more-->\n\n\n<div class=\"wp-block-image\">\n<figure class=\"alignleft size-large is-resized\"><img fetchpriority=\"high\" decoding=\"async\" src=\"https:\/\/www.portalalerta.com.br\/wp-content\/uploads\/2024\/04\/autoescola-emprego-1024x1024.jpg\" alt=\"\" class=\"wp-image-55693\" width=\"402\" height=\"402\" srcset=\"https:\/\/www.portalalerta.com.br\/wp-content\/uploads\/2024\/04\/autoescola-emprego-1024x1024.jpg 1024w, https:\/\/www.portalalerta.com.br\/wp-content\/uploads\/2024\/04\/autoescola-emprego-240x240.jpg 240w, https:\/\/www.portalalerta.com.br\/wp-content\/uploads\/2024\/04\/autoescola-emprego-768x768.jpg 768w, https:\/\/www.portalalerta.com.br\/wp-content\/uploads\/2024\/04\/autoescola-emprego.jpg 1080w\" sizes=\"(max-width: 402px) 100vw, 402px\" \/><\/figure><\/div>\n\n\n<p>O jovem foi baleado juntamente com um amigo, ap\u00f3s estacionarem uma moto na Rua S\u00e3o Jos\u00e9, centro de Nova Soure-BA, fato ocorrido no \u00faltimo domingo (15). Na ocasi\u00e3o, dois criminosos chegaram ao local a bordo de uma moto, e passaram a efetuar disparos de arma de fogo, que alvejaram tanto Luciano, quanto o amigo identificado como Jo\u00e3o Miguel, sendo que este \u00faltimo morreu no local. Luciano foi encontrado gravemente ferido nas proximidades da Pra\u00e7a da Santa Cruz, de onde foi socorrido para o Hospital Municipal Sagrado Cora\u00e7\u00e3o de Jesus, de onde foi transferido. <a href=\"https:\/\/www.portalalerta.com.br\/index.php\/2025\/06\/16\/nova-soure-ba-registra-um-homicidio-e-uma-tentativa-de-homicidio-no-ultimo-final-de-semana\/\"><strong>Relembre<\/strong><\/a><\/p>\n\n\n\n<p>Ainda de acordo com informa\u00e7\u00f5es preliminares, a morte cerebral de Luciano j\u00e1 havia sido constatada dias antes, por\u00e9m a Unidade Hospitalar aguardava o posicionamento de familiares em rela\u00e7\u00e3o a uma poss\u00edvel doa\u00e7\u00e3o de \u00f3rg\u00e3os, e ap\u00f3s a negativa, os aparelhos foram desligados na \u00faltima segunda-feira.<\/p>\n\n\n\n<p>Desta forma, sobe para sete o n\u00famero de homic\u00eddios registrados em Nova Soure, somente em 2025.<\/p>\n\n\n\n<p><em>Reda\u00e7\u00e3o: Portal Alerta<\/em><\/p>\n","protected":false},"excerpt":{"rendered":"<p>Um jovem conhecido pelo prenome Luciano, n\u00e3o resistiu aos ferimentos e teve o seu \u00f3bito anunciado na \u00faltima segunda-feira (23), no Hospital Geral Cleriston Andrade, em Feira de Santana-BA.<\/p>\n","protected":false},"author":2,"featured_media":47512,"comment_status":"open","ping_status":"open","sticky":false,"template":"","format":"standard","meta":{"om_disable_all_campaigns":false,"_monsterinsights_skip_tracking":false,"_monsterinsights_sitenote_active":false,"_monsterinsights_sitenote_note":"","_monsterinsights_sitenote_category":0,"footnotes":""},"categories":[70,69,14,32,22],"tags":[100,71,48,75,4178,4180,375,129,107,4181,206,132,230,169,106,203,120,51,109,88,47,111,190],"class_list":["post-72963","post","type-post","status-publish","format-standard","has-post-thumbnail","hentry","category-destaques","category-noticias2","category-nova-soure","category-regiao","category-seguranca","tag-adustina","tag-antas","tag-araci","tag-cicero-dantas","tag-cipo-2","tag-crisopolis-2","tag-disparos-de-arma-de-fogo","tag-euclides-da-cunha","tag-fatima","tag-heliopolis-2","tag-homicidio","tag-itapicuru","tag-jeremoabo","tag-morte","tag-nova-soure","tag-novo-triunfo","tag-olindina","tag-paripiranga","tag-quijingue","tag-ribeira-do-amparo","tag-ribeira-do-pombal","tag-sitio-do-quinto","tag-tucano"],"aioseo_notices":[],"_links":{"self":[{"href":"https:\/\/www.portalalerta.com.br\/index.php\/wp-json\/wp\/v2\/posts\/72963","targetHints":{"allow":["GET"]}}],"collection":[{"href":"https:\/\/www.portalalerta.com.br\/index.php\/wp-json\/wp\/v2\/posts"}],"about":[{"href":"https:\/\/www.portalalerta.com.br\/index.php\/wp-json\/wp\/v2\/types\/post"}],"author":[{"embeddable":true,"href":"https:\/\/www.portalalerta.com.br\/index.php\/wp-json\/wp\/v2\/users\/2"}],"replies":[{"embeddable":true,"href":"https:\/\/www.portalalerta.com.br\/index.php\/wp-json\/wp\/v2\/comments?post=72963"}],"version-history":[{"count":1,"href":"https:\/\/www.portalalerta.com.br\/index.php\/wp-json\/wp\/v2\/posts\/72963\/revisions"}],"predecessor-version":[{"id":72964,"href":"https:\/\/www.portalalerta.com.br\/index.php\/wp-json\/wp\/v2\/posts\/72963\/revisions\/72964"}],"wp:featuredmedia":[{"embeddable":true,"href":"https:\/\/www.portalalerta.com.br\/index.php\/wp-json\/wp\/v2\/media\/47512"}],"wp:attachment":[{"href":"https:\/\/www.portalalerta.com.br\/index.php\/wp-json\/wp\/v2\/media?parent=72963"}],"wp:term":[{"taxonomy":"category","embeddable":true,"href":"https:\/\/www.portalalerta.com.br\/index.php\/wp-json\/wp\/v2\/categories?post=72963"},{"taxonomy":"post_tag","embeddable":true,"href":"https:\/\/www.portalalerta.com.br\/index.php\/wp-json\/wp\/v2\/tags?post=72963"}],"curies":[{"name":"wp","href":"https:\/\/api.w.org\/{rel}","templated":true}]}}