{"id":72987,"date":"2025-06-26T00:08:39","date_gmt":"2025-06-26T03:08:39","guid":{"rendered":"https:\/\/www.portalalerta.com.br\/?p=72987"},"modified":"2025-06-26T00:08:40","modified_gmt":"2025-06-26T03:08:40","slug":"aumento-no-numero-de-deputados-e-aprovado-pelo-senado","status":"publish","type":"post","link":"https:\/\/www.portalalerta.com.br\/index.php\/2025\/06\/26\/aumento-no-numero-de-deputados-e-aprovado-pelo-senado\/","title":{"rendered":"Aumento no n\u00famero de deputados \u00e9 aprovado pelo Senado"},"content":{"rendered":"\n<p><strong>Congresso ter\u00e1 at\u00e9 o dia 30 de junho para analisar o tema, ap\u00f3s decis\u00e3o do STF, em 2023<\/strong><\/p>\n\n\n\n<!--more-->\n\n\n\n<p><\/p>\n\n\n\n<p><strong>O&nbsp;<a href=\"https:\/\/atarde.com.br\/?q=Senado+Federal&amp;d=1\" target=\"_blank\" rel=\"noreferrer noopener\">Senado Federal<\/a>&nbsp;aprovou nesta quarta-feira, 25, uma&nbsp;<a href=\"https:\/\/atarde.com.br\/?q=proposta+de+lei&amp;d=1\" target=\"_blank\" rel=\"noreferrer noopener\">proposta de lei&nbsp;<\/a>que&nbsp;<a href=\"https:\/\/atarde.com.br\/politica\/senado-vota-nesta-quarta-projeto-que-aumenta-numero-de-deputados-1331984\" target=\"_blank\" rel=\"noreferrer noopener\">aumenta o n\u00famero de vagas<\/a><a href=\"https:\/\/atarde.com.br\/politica\/senado-vota-nesta-quarta-projeto-que-aumenta-numero-de-deputados-1331984\" target=\"_blank\" rel=\"noreferrer noopener\">&nbsp;de deputados federais<\/a>&nbsp;de 513 para 531. A medida pode gerar um impacto de, pelo menos, R$ 95 milh\u00f5es por ano. O texto foi aprovado com 41 votos, o m\u00ednimo necess\u00e1rio.<\/strong><\/p>\n\n\n\n<p><strong>O texto foi aprovado, por\u00e9m com mudan\u00e7as, logo vai retornar para a C\u00e2mara dos Deputados analisar as modifica\u00e7\u00f5es feitas pelo relator, o senador Marcelo Castro (MDB-PI). A medida precisa ser sancionada at\u00e9 o dia 30 de junho, que foi o prazo final estipulado pela justi\u00e7a.<\/strong><\/p>\n\n\n\n<p><strong>Ao longo do tempo de mandato dos parlamentares, de quatro anos, aumento nas vagas pode gerar gastos de at\u00e9 R$ 380 milh\u00f5es aos cofres p\u00fablicos.<\/strong><\/p>\n\n\n\n<p><strong>A proposta foi aprovada com um aperto na C\u00e2mara dos Deputados no in\u00edcio de maio, recebendo 270 votos a favor e 207 contra.<\/strong><\/p>\n\n\n\n<p><strong>Inicialmente, o texto que chegou a C\u00e2mara dos Deputados n\u00e3o previa uma restri\u00e7\u00e3o em rela\u00e7\u00e3o a cria\u00e7\u00e3o de novas despesas para arcar com as 18 novas vaga, com isso, o impacto nos cofres seria de R$ 150 milh\u00f5es.<\/strong><\/p>\n\n\n\n<p><strong>Trava de despesas<\/strong><\/p>\n\n\n\n<p><strong>Uma das mudan\u00e7as acatadas pelo relator foi um veto ao aumento de despesas em fun\u00e7\u00e3o do aumento do n\u00famero de vagas O texto n\u00e3o afeta os aumentos que possam ocorrer nas Assembleias Legislativas estaduais que ser\u00e3o impactadas pela medida da C\u00e2mara.<\/strong><\/p>\n\n\n\n<p><strong>&#8220;Vedada a aprova\u00e7\u00e3o de cr\u00e9ditos adicionais, remanejamento, transposi\u00e7\u00e3o ou transfer\u00eancia or\u00e7ament\u00e1ria [para o pagamento de novas despesas]&#8221;, justifica o texto.<\/strong><\/p>\n\n\n\n<p><em>Fonte: A tarde<\/em><\/p>\n","protected":false},"excerpt":{"rendered":"<p>Congresso ter\u00e1 at\u00e9 o dia 30 de junho para analisar o tema, ap\u00f3s decis\u00e3o do STF, em 2023<\/p>\n","protected":false},"author":2,"featured_media":3305,"comment_status":"open","ping_status":"open","sticky":false,"template":"","format":"standard","meta":{"om_disable_all_campaigns":false,"_monsterinsights_skip_tracking":false,"_monsterinsights_sitenote_active":false,"_monsterinsights_sitenote_note":"","_monsterinsights_sitenote_category":0,"footnotes":""},"categories":[34,70,69,21],"tags":[7449,8083,8077,8093,8081,8086,8085,8084,8092,8079,8078,8089,8091,8088,8080,8076],"class_list":["post-72987","post","type-post","status-publish","format-standard","has-post-thumbnail","hentry","category-brasil","category-destaques","category-noticias2","category-politica","tag-7449","tag-apos-decisao-do-stf","tag-aumento-nas-vagas-pode-gerar-gastos-de-ate-r-380-milhoes-aos-cofres-publicos-a-proposta-foi-aprovada-com-um-aperto-na-camara-dos-deputados-no-inicio-de-maio","tag-congresso-tera-ate-o-dia-30-de-junho-para-analisar-o-tema","tag-de-quatro-anos","tag-em-2023-senado-aprova-aumento-do-numero-de-deputados-foto-fabio-rodrigues-pozzebom-agencia-brasil-o-senado-federal-aprovou-nesta-quarta-feira","tag-logo-vai-retornar-para-a-camara-dos-deputados-analisar-as-modificacoes-feitas-pelo-relator","tag-o-minimo-necessario-o-texto-foi-aprovado","tag-o-senador-marcelo-castro-mdb-pi-a-medida-precisa-ser-sancionada-ate-o-dia-30-de-junho","tag-o-texto-que-chegou-a-camara-dos-deputados-nao-previa-uma-restricao-em-relacao-a-criacao-de-novas-despesas-para-arcar-com-as-18-novas-vaga","tag-pelo-menos","tag-porem-com-mudancas","tag-que-foi-o-prazo-final-estipulado-pela-justica-ao-longo-do-tempo-de-mandato-dos-parlamentares","tag-r-95-milhoes-por-ano-o-texto-foi-aprovado-com-41-votos","tag-recebendo-270-votos-a-favor-e-207-contra-inicialmente","tag-uma-proposta-de-lei-que-aumenta-o-numero-de-vagas-de-deputados-federais-de-513-para-531-a-medida-pode-gerar-um-impacto-de"],"aioseo_notices":[],"_links":{"self":[{"href":"https:\/\/www.portalalerta.com.br\/index.php\/wp-json\/wp\/v2\/posts\/72987","targetHints":{"allow":["GET"]}}],"collection":[{"href":"https:\/\/www.portalalerta.com.br\/index.php\/wp-json\/wp\/v2\/posts"}],"about":[{"href":"https:\/\/www.portalalerta.com.br\/index.php\/wp-json\/wp\/v2\/types\/post"}],"author":[{"embeddable":true,"href":"https:\/\/www.portalalerta.com.br\/index.php\/wp-json\/wp\/v2\/users\/2"}],"replies":[{"embeddable":true,"href":"https:\/\/www.portalalerta.com.br\/index.php\/wp-json\/wp\/v2\/comments?post=72987"}],"version-history":[{"count":1,"href":"https:\/\/www.portalalerta.com.br\/index.php\/wp-json\/wp\/v2\/posts\/72987\/revisions"}],"predecessor-version":[{"id":72988,"href":"https:\/\/www.portalalerta.com.br\/index.php\/wp-json\/wp\/v2\/posts\/72987\/revisions\/72988"}],"wp:featuredmedia":[{"embeddable":true,"href":"https:\/\/www.portalalerta.com.br\/index.php\/wp-json\/wp\/v2\/media\/3305"}],"wp:attachment":[{"href":"https:\/\/www.portalalerta.com.br\/index.php\/wp-json\/wp\/v2\/media?parent=72987"}],"wp:term":[{"taxonomy":"category","embeddable":true,"href":"https:\/\/www.portalalerta.com.br\/index.php\/wp-json\/wp\/v2\/categories?post=72987"},{"taxonomy":"post_tag","embeddable":true,"href":"https:\/\/www.portalalerta.com.br\/index.php\/wp-json\/wp\/v2\/tags?post=72987"}],"curies":[{"name":"wp","href":"https:\/\/api.w.org\/{rel}","templated":true}]}}