{"id":7299,"date":"2018-05-17T00:50:06","date_gmt":"2018-05-17T03:50:06","guid":{"rendered":"http:\/\/www.portalalerta.com.br\/?p=7299"},"modified":"2018-05-17T00:50:06","modified_gmt":"2018-05-17T03:50:06","slug":"gado-furtado-em-tucano-ba-e-recuperado-em-entre-rios-ba","status":"publish","type":"post","link":"https:\/\/www.portalalerta.com.br\/index.php\/2018\/05\/17\/gado-furtado-em-tucano-ba-e-recuperado-em-entre-rios-ba\/","title":{"rendered":"Gado furtado em Tucano-BA \u00e9 recuperado em Entre Rios-BA"},"content":{"rendered":"<p style=\"text-align: justify;\">No final da tarde de segunda-feira (14), equipes da Companhia Independente de Policiamento Especializado (Cipe\/Nordeste) recuperaram, 46 animais (entre vacas e bois) furtados numa propriedade rural no munic\u00edpio de Tucano. O gado estava numa fazenda em Entre Rios, distante 205 quil\u00f4metros do local do crime. Os policiais encontraram os animais, seguindo informa\u00e7\u00f5es de uma den\u00fancia an\u00f4nima, na zona rural da cidade, confinados na \u2018Fazenda Lombada\u2019, cujo dono \u2013 identificado como Davi Souza Santos e j\u00e1 investigado por outros crimes \u2013 n\u00e3o foi encontrado. Encaminhado para a Delegacia Territorial de Tucano, o caseiro Jos\u00e9 Maria Pereira Dourado prestou depoimento e foi liberado.<!--more--><\/p>\n<p style=\"text-align: justify;\"><img decoding=\"async\" class=\"size-full wp-image-2814 alignleft\" src=\"http:\/\/www.portalalerta.com.br\/wp-content\/uploads\/2017\/11\/banner9.png\" alt=\"\" width=\"270\" height=\"174\" srcset=\"https:\/\/www.portalalerta.com.br\/wp-content\/uploads\/2017\/11\/banner9.png 270w, https:\/\/www.portalalerta.com.br\/wp-content\/uploads\/2017\/11\/banner9-227x146.png 227w, https:\/\/www.portalalerta.com.br\/wp-content\/uploads\/2017\/11\/banner9-50x32.png 50w, https:\/\/www.portalalerta.com.br\/wp-content\/uploads\/2017\/11\/banner9-116x75.png 116w\" sizes=\"(max-width: 270px) 100vw, 270px\" \/>J\u00e1 os verdadeiros donos tiveram o gado de volta, ap\u00f3s apresentaram documenta\u00e7\u00e3o que comprovavam a propriedade. Eles s\u00e3o de Araci e Riach\u00e3o do Jacu\u00edpe. Segundo explicou o comandante da Cipe\/Nordeste, major PM Wellingnton Morais dos Santos, estes crimes, em geral, est\u00e3o conectados. \u201cMuitos furtam o gado para abat\u00ea-lo e vender a carne ou ent\u00e3o para comercializ\u00e1-lo para outros fazendeiros\u201d, detalhou. Wellington salientou ainda a import\u00e2ncia da participa\u00e7\u00e3o popular no combate a essa modalidade criminosa. \u201c\u00c9 um delito que ocorre na zona rural durante a madrugada, o que dificulta o trabalho preventivo. A popula\u00e7\u00e3o precisa denunciar, mesmo que anonimamente, para que a gente possa averiguar\u201d, acrescentou.<\/p>\n<figure id=\"attachment_7300\" aria-describedby=\"caption-attachment-7300\" style=\"width: 350px\" class=\"wp-caption aligncenter\"><img fetchpriority=\"high\" decoding=\"async\" class=\"size-full wp-image-7300\" src=\"http:\/\/www.portalalerta.com.br\/wp-content\/uploads\/2018\/05\/furto-de-gado.2.jpg\" alt=\"\" width=\"350\" height=\"220\" srcset=\"https:\/\/www.portalalerta.com.br\/wp-content\/uploads\/2018\/05\/furto-de-gado.2.jpg 350w, https:\/\/www.portalalerta.com.br\/wp-content\/uploads\/2018\/05\/furto-de-gado.2-232x146.jpg 232w, https:\/\/www.portalalerta.com.br\/wp-content\/uploads\/2018\/05\/furto-de-gado.2-50x31.jpg 50w, https:\/\/www.portalalerta.com.br\/wp-content\/uploads\/2018\/05\/furto-de-gado.2-119x75.jpg 119w\" sizes=\"(max-width: 350px) 100vw, 350px\" \/><figcaption id=\"caption-attachment-7300\" class=\"wp-caption-text\">Gado Recuperado<\/figcaption><\/figure>\n<p style=\"text-align: justify;\"><em>Fonte: R\u00e1dio povo<\/em><\/p>\n<p style=\"text-align: justify;\"><em>Com informa\u00e7\u00f5es: A Voz do Campo<\/em><\/p>\n","protected":false},"excerpt":{"rendered":"<p>No final da tarde de segunda-feira (14), equipes da Companhia Independente de Policiamento Especializado (Cipe\/Nordeste) recuperaram, 46 animais (entre vacas e bois) furtados numa propriedade rural no munic\u00edpio de Tucano. O gado estava numa fazenda em Entre Rios, distante 205 quil\u00f4metros do local do crime. Os policiais encontraram os animais, seguindo informa\u00e7\u00f5es de uma den\u00fancia &hellip;<\/p>\n","protected":false},"author":2,"featured_media":7301,"comment_status":"closed","ping_status":"open","sticky":false,"template":"","format":"standard","meta":{"om_disable_all_campaigns":false,"_monsterinsights_skip_tracking":false,"_monsterinsights_sitenote_active":false,"_monsterinsights_sitenote_note":"","_monsterinsights_sitenote_category":0,"footnotes":""},"categories":[70,69,32,22,12],"tags":[167,705,578,1086,79,190],"class_list":["post-7299","post","type-post","status-publish","format-standard","has-post-thumbnail","hentry","category-destaques","category-noticias2","category-regiao","category-seguranca","category-tucano","tag-cipe-nordeste","tag-entre-rios","tag-furto-de-gado","tag-gado-recuperado","tag-policia-militar","tag-tucano"],"aioseo_notices":[],"_links":{"self":[{"href":"https:\/\/www.portalalerta.com.br\/index.php\/wp-json\/wp\/v2\/posts\/7299","targetHints":{"allow":["GET"]}}],"collection":[{"href":"https:\/\/www.portalalerta.com.br\/index.php\/wp-json\/wp\/v2\/posts"}],"about":[{"href":"https:\/\/www.portalalerta.com.br\/index.php\/wp-json\/wp\/v2\/types\/post"}],"author":[{"embeddable":true,"href":"https:\/\/www.portalalerta.com.br\/index.php\/wp-json\/wp\/v2\/users\/2"}],"replies":[{"embeddable":true,"href":"https:\/\/www.portalalerta.com.br\/index.php\/wp-json\/wp\/v2\/comments?post=7299"}],"version-history":[{"count":0,"href":"https:\/\/www.portalalerta.com.br\/index.php\/wp-json\/wp\/v2\/posts\/7299\/revisions"}],"wp:featuredmedia":[{"embeddable":true,"href":"https:\/\/www.portalalerta.com.br\/index.php\/wp-json\/wp\/v2\/media\/7301"}],"wp:attachment":[{"href":"https:\/\/www.portalalerta.com.br\/index.php\/wp-json\/wp\/v2\/media?parent=7299"}],"wp:term":[{"taxonomy":"category","embeddable":true,"href":"https:\/\/www.portalalerta.com.br\/index.php\/wp-json\/wp\/v2\/categories?post=7299"},{"taxonomy":"post_tag","embeddable":true,"href":"https:\/\/www.portalalerta.com.br\/index.php\/wp-json\/wp\/v2\/tags?post=7299"}],"curies":[{"name":"wp","href":"https:\/\/api.w.org\/{rel}","templated":true}]}}