{"id":7303,"date":"2018-05-17T00:57:52","date_gmt":"2018-05-17T03:57:52","guid":{"rendered":"http:\/\/www.portalalerta.com.br\/?p=7303"},"modified":"2018-05-17T00:57:52","modified_gmt":"2018-05-17T03:57:52","slug":"divulgada-a-programacao-oficial-do-sao-pedro-de-paripiranga-2018","status":"publish","type":"post","link":"https:\/\/www.portalalerta.com.br\/index.php\/2018\/05\/17\/divulgada-a-programacao-oficial-do-sao-pedro-de-paripiranga-2018\/","title":{"rendered":"Divulgada a programa\u00e7\u00e3o oficial do S\u00e3o Pedro de Paripiranga 2018"},"content":{"rendered":"<p style=\"text-align: justify;\">A prefeitura de Paripiranga divulgou na \u00faltima Segunda-feira (14) a programa\u00e7\u00e3o oficial dos festejos do S\u00e3o Pedro \u2013 2018\u00a0Festa\u00a0de Tradi\u00e7\u00e3o e Alegria. A festa acontecer\u00e1 de 29 de junho a 1\u00ba de julho, na Pra\u00e7a da Fonte Luminosa.<!--more--><\/p>\n<p style=\"text-align: justify;\"><img fetchpriority=\"high\" decoding=\"async\" class=\"size-full wp-image-2902 alignleft\" src=\"http:\/\/www.portalalerta.com.br\/wp-content\/uploads\/2017\/11\/elab-2.jpg\" alt=\"\" width=\"310\" height=\"200\" srcset=\"https:\/\/www.portalalerta.com.br\/wp-content\/uploads\/2017\/11\/elab-2.jpg 310w, https:\/\/www.portalalerta.com.br\/wp-content\/uploads\/2017\/11\/elab-2-226x146.jpg 226w, https:\/\/www.portalalerta.com.br\/wp-content\/uploads\/2017\/11\/elab-2-50x32.jpg 50w, https:\/\/www.portalalerta.com.br\/wp-content\/uploads\/2017\/11\/elab-2-116x75.jpg 116w\" sizes=\"(max-width: 310px) 100vw, 310px\" \/>Grandes nomes da m\u00fasica foram contratados para o evento, destaque para os\u00a0cantores\u00a0Victor e L\u00e9o e Z\u00e9\u00a0Cantor\u00a0(Solteir\u00f5es do Forro). Tamb\u00e9m est\u00e3o confirmados na grade: Zueir\u00f5es do Forr\u00f3, Ari Santana, Forr\u00f3 10, Stylo Tropical, Vadinho Leite, Ronaldo Santos, Rita Brasil, Sebastian Bahia, Evaldo e Garotinho da Vaquejada, Leandro da Pisadinha e Banda Seeway El\u00e9trico, que far\u00e1 o \u201carrast\u00e3o da alvorada\u201d no domingo.<\/p>\n<p style=\"text-align: justify;\">Al\u00e9m dos shows art\u00edsticos a festa junina contar\u00e1 com apresenta\u00e7\u00f5es culturais de quadrilhas, exposi\u00e7\u00f5es com barracas na \u201cVila do Coit\u00e9\u201d e muito mais.<\/p>\n<p style=\"text-align: justify;\"><em>Fonte: ASCOM Prefeitura Municipal<\/em><\/p>\n","protected":false},"excerpt":{"rendered":"<p>A prefeitura de Paripiranga divulgou na \u00faltima Segunda-feira (14) a programa\u00e7\u00e3o oficial dos festejos do S\u00e3o Pedro \u2013 2018\u00a0Festa\u00a0de Tradi\u00e7\u00e3o e Alegria. A festa acontecer\u00e1 de 29 de junho a 1\u00ba de julho, na Pra\u00e7a da Fonte Luminosa.<\/p>\n","protected":false},"author":2,"featured_media":7304,"comment_status":"closed","ping_status":"open","sticky":false,"template":"","format":"standard","meta":{"om_disable_all_campaigns":false,"_monsterinsights_skip_tracking":false,"_monsterinsights_sitenote_active":false,"_monsterinsights_sitenote_note":"","_monsterinsights_sitenote_category":0,"footnotes":""},"categories":[70,36,69,11,32],"tags":[344,51,1087],"class_list":["post-7303","post","type-post","status-publish","format-standard","has-post-thumbnail","hentry","category-destaques","category-lazer","category-noticias2","category-paripiranga","category-regiao","tag-festa","tag-paripiranga","tag-sao-pedro"],"aioseo_notices":[],"_links":{"self":[{"href":"https:\/\/www.portalalerta.com.br\/index.php\/wp-json\/wp\/v2\/posts\/7303","targetHints":{"allow":["GET"]}}],"collection":[{"href":"https:\/\/www.portalalerta.com.br\/index.php\/wp-json\/wp\/v2\/posts"}],"about":[{"href":"https:\/\/www.portalalerta.com.br\/index.php\/wp-json\/wp\/v2\/types\/post"}],"author":[{"embeddable":true,"href":"https:\/\/www.portalalerta.com.br\/index.php\/wp-json\/wp\/v2\/users\/2"}],"replies":[{"embeddable":true,"href":"https:\/\/www.portalalerta.com.br\/index.php\/wp-json\/wp\/v2\/comments?post=7303"}],"version-history":[{"count":0,"href":"https:\/\/www.portalalerta.com.br\/index.php\/wp-json\/wp\/v2\/posts\/7303\/revisions"}],"wp:featuredmedia":[{"embeddable":true,"href":"https:\/\/www.portalalerta.com.br\/index.php\/wp-json\/wp\/v2\/media\/7304"}],"wp:attachment":[{"href":"https:\/\/www.portalalerta.com.br\/index.php\/wp-json\/wp\/v2\/media?parent=7303"}],"wp:term":[{"taxonomy":"category","embeddable":true,"href":"https:\/\/www.portalalerta.com.br\/index.php\/wp-json\/wp\/v2\/categories?post=7303"},{"taxonomy":"post_tag","embeddable":true,"href":"https:\/\/www.portalalerta.com.br\/index.php\/wp-json\/wp\/v2\/tags?post=7303"}],"curies":[{"name":"wp","href":"https:\/\/api.w.org\/{rel}","templated":true}]}}