{"id":73030,"date":"2025-06-28T21:47:44","date_gmt":"2025-06-29T00:47:44","guid":{"rendered":"https:\/\/www.portalalerta.com.br\/?p=73030"},"modified":"2025-06-28T21:47:45","modified_gmt":"2025-06-29T00:47:45","slug":"ribeira-do-amparo-ba-realiza-o-maior-sao-pedro-da-sua-historia","status":"publish","type":"post","link":"https:\/\/www.portalalerta.com.br\/index.php\/2025\/06\/28\/ribeira-do-amparo-ba-realiza-o-maior-sao-pedro-da-sua-historia\/","title":{"rendered":"Ribeira do Amparo-BA realiza o maior S\u00e3o Pedro da sua hist\u00f3ria"},"content":{"rendered":"\n<p>Ap\u00f3s oito anos sem realizar festas juninas, o munic\u00edpio de Ribeira do Amparo-BA confirma a realiza\u00e7\u00e3o do maior S\u00e3o Pedro da sua hist\u00f3ria com apoio do Governo do Estado da Bahia.<\/p>\n\n\n\n<!--more-->\n\n\n\n<p>O evento ocorrer\u00e1 entre os dias 28 e 30 de junho de 2025 e contar\u00e1 com uma programa\u00e7\u00e3o de grande porte, incluindo atra\u00e7\u00f5es musicais de destaque nacional e regional, valoriza\u00e7\u00e3o das tradi\u00e7\u00f5es culturais e est\u00edmulo ao turismo local. A Festa acontece em conjunto com o Governo do Estado da Bahia, atrav\u00e9s da Superintend\u00eancia de Fomento ao Turismo (SUFOTUR), por meio do Conv\u00eanio n\u00ba 285\/2025, tendo apoio tamb\u00e9m do governo Federal por meio da Petrobras.<\/p>\n\n\n<div class=\"wp-block-image\">\n<figure class=\"alignleft size-large is-resized\"><img fetchpriority=\"high\" decoding=\"async\" src=\"https:\/\/www.portalalerta.com.br\/wp-content\/uploads\/2025\/06\/Real-Sao-Joao-2025-819x1024.jpg\" alt=\"\" class=\"wp-image-72448\" width=\"395\" height=\"494\" srcset=\"https:\/\/www.portalalerta.com.br\/wp-content\/uploads\/2025\/06\/Real-Sao-Joao-2025-819x1024.jpg 819w, https:\/\/www.portalalerta.com.br\/wp-content\/uploads\/2025\/06\/Real-Sao-Joao-2025-192x240.jpg 192w, https:\/\/www.portalalerta.com.br\/wp-content\/uploads\/2025\/06\/Real-Sao-Joao-2025-768x960.jpg 768w, https:\/\/www.portalalerta.com.br\/wp-content\/uploads\/2025\/06\/Real-Sao-Joao-2025.jpg 1024w\" sizes=\"(max-width: 395px) 100vw, 395px\" \/><\/figure><\/div>\n\n\n<p>Os recursos destinam-se exclusivamente a a\u00e7\u00f5es de natureza cultural e tur\u00edstica, em conformidade com as diretrizes do projeto. Foram contratadas tr\u00eas atra\u00e7\u00f5es de renome para o evento: <strong>Marcynho Sensa\u00e7\u00e3o, Toque Dez e Xinela de Couro<\/strong>. Esses artistas se apresentar\u00e3o ao lado de nomes expressivos da m\u00fasica nordestina e de talentos regionais. Programa\u00e7\u00e3o oficial <strong>Dia 28 de junho \u2013<\/strong> Alvorada: Rafael Argolo, Devinho Novaes, Zezinho da Ema. \u2013 Cavalgada: Taty Vaqueira, Carlos Moreno, Carlos Pisadinha.<\/p>\n\n\n\n<p><strong>Dia 29 de junho \u2013<\/strong> Z\u00e9 Vaqueiro, \u2013 Marcynho Sensa\u00e7\u00e3o, \u2013 Peu Pirata, \u2013 Manu Santini, \u2013 Apresenta\u00e7\u00f5es de quadrilhas tradicionais.<\/p>\n\n\n\n<p><strong>Dia 30 de junho \u2013<\/strong> Toque Dez \u2013 Israel e Rodolffo \u2013 Lambasaia \u2013 Kau\u00e3 Lima, \u2013 Xinela de Couro.<\/p>\n\n\n\n<p>Durante os tr\u00eas dias de festa, o p\u00fablico tamb\u00e9m contar\u00e1 com apresenta\u00e7\u00f5es dos humoristas Incubado e Gota Serena, proporcionando entretenimento diversificado e acess\u00edvel para todas as idades.<\/p>\n\n\n\n<p><em>Fonte: Joilson Costa<\/em><\/p>\n\n\n\n<p><em>Com informa\u00e7\u00f5es:&nbsp; ASCOM PMRA<\/em><\/p>\n","protected":false},"excerpt":{"rendered":"<p>Ap\u00f3s oito anos sem realizar festas juninas, o munic\u00edpio de Ribeira do Amparo-BA confirma a realiza\u00e7\u00e3o do maior S\u00e3o Pedro da sua hist\u00f3ria com apoio do Governo do Estado da Bahia.<\/p>\n","protected":false},"author":2,"featured_media":73029,"comment_status":"open","ping_status":"open","sticky":false,"template":"","format":"standard","meta":{"om_disable_all_campaigns":false,"_monsterinsights_skip_tracking":false,"_monsterinsights_sitenote_active":false,"_monsterinsights_sitenote_note":"","_monsterinsights_sitenote_category":0,"footnotes":""},"categories":[70,36,69,32,16],"tags":[100,71,48,75,4178,4180,129,107,4181,132,230,106,203,120,51,109,88,47,1087,111,190],"class_list":["post-73030","post","type-post","status-publish","format-standard","has-post-thumbnail","hentry","category-destaques","category-lazer","category-noticias2","category-regiao","category-ribeira-do-amparo","tag-adustina","tag-antas","tag-araci","tag-cicero-dantas","tag-cipo-2","tag-crisopolis-2","tag-euclides-da-cunha","tag-fatima","tag-heliopolis-2","tag-itapicuru","tag-jeremoabo","tag-nova-soure","tag-novo-triunfo","tag-olindina","tag-paripiranga","tag-quijingue","tag-ribeira-do-amparo","tag-ribeira-do-pombal","tag-sao-pedro","tag-sitio-do-quinto","tag-tucano"],"aioseo_notices":[],"_links":{"self":[{"href":"https:\/\/www.portalalerta.com.br\/index.php\/wp-json\/wp\/v2\/posts\/73030","targetHints":{"allow":["GET"]}}],"collection":[{"href":"https:\/\/www.portalalerta.com.br\/index.php\/wp-json\/wp\/v2\/posts"}],"about":[{"href":"https:\/\/www.portalalerta.com.br\/index.php\/wp-json\/wp\/v2\/types\/post"}],"author":[{"embeddable":true,"href":"https:\/\/www.portalalerta.com.br\/index.php\/wp-json\/wp\/v2\/users\/2"}],"replies":[{"embeddable":true,"href":"https:\/\/www.portalalerta.com.br\/index.php\/wp-json\/wp\/v2\/comments?post=73030"}],"version-history":[{"count":1,"href":"https:\/\/www.portalalerta.com.br\/index.php\/wp-json\/wp\/v2\/posts\/73030\/revisions"}],"predecessor-version":[{"id":73032,"href":"https:\/\/www.portalalerta.com.br\/index.php\/wp-json\/wp\/v2\/posts\/73030\/revisions\/73032"}],"wp:featuredmedia":[{"embeddable":true,"href":"https:\/\/www.portalalerta.com.br\/index.php\/wp-json\/wp\/v2\/media\/73029"}],"wp:attachment":[{"href":"https:\/\/www.portalalerta.com.br\/index.php\/wp-json\/wp\/v2\/media?parent=73030"}],"wp:term":[{"taxonomy":"category","embeddable":true,"href":"https:\/\/www.portalalerta.com.br\/index.php\/wp-json\/wp\/v2\/categories?post=73030"},{"taxonomy":"post_tag","embeddable":true,"href":"https:\/\/www.portalalerta.com.br\/index.php\/wp-json\/wp\/v2\/tags?post=73030"}],"curies":[{"name":"wp","href":"https:\/\/api.w.org\/{rel}","templated":true}]}}