{"id":7306,"date":"2018-05-17T01:04:16","date_gmt":"2018-05-17T04:04:16","guid":{"rendered":"http:\/\/www.portalalerta.com.br\/?p=7306"},"modified":"2018-05-17T01:04:16","modified_gmt":"2018-05-17T04:04:16","slug":"guarda-civil-municipal-e-regulamentada-em-jeremoabo-ba","status":"publish","type":"post","link":"https:\/\/www.portalalerta.com.br\/index.php\/2018\/05\/17\/guarda-civil-municipal-e-regulamentada-em-jeremoabo-ba\/","title":{"rendered":"Guarda Civil Municipal \u00e9 regulamentada em Jeremoabo-BA"},"content":{"rendered":"<p style=\"text-align: justify;\">A Guarda Civil de Jeremoabo (BA) agora est\u00e1 definitivamente regulamentada, atrav\u00e9s da Lei Municipal no. 559, de 02.05.2018, que disp\u00f5e sobre sua regulariza\u00e7\u00e3o e organiza\u00e7\u00e3o.<!--more--><\/p>\n<p style=\"text-align: justify;\">O Artigo 1\u00ba. da Lei disciplina o car\u00e1ter da institui\u00e7\u00e3o e sua finalidade:<\/p>\n<p style=\"text-align: justify;\"><em>Art.1\u00ba. Fica regularizada a Guarda Civil Municipal de Jeremoabo, institui\u00e7\u00e3o de car\u00e1ter civil, permanente e regular, uniformizada na cor azul marinho ou camuflado azul rajado no caso de grupo especifico como a ronda ostensiva ou preventiva, armada de acordo ao estatuto do desarmamento, organizada com base na hierarquia e na disciplina, sob autoridade suprema do (a) Prefeito (a) Municipal de Jeremoabo\/BA, que tem por finalidade prec\u00edpua proteger o patrim\u00f4nio e a popula\u00e7\u00e3o Sistem\u00e1tica conforme Lei 13.022\/2014, bens, servi\u00e7os e instala\u00e7\u00f5es p\u00fablicas municipais e apoiar a administra\u00e7\u00e3o no exerc\u00edcio de seu poder de pol\u00edcia administrativa e jur\u00eddica, promover a ordem p\u00fablica protegendo a vida \u201cCidad\u00e3os\u201d como o maior patrim\u00f4nio, a liberdade, de forma a assegurar, com equil\u00edbrio e equidade, o bem-estar social desde que respeitada \u00e0 legisla\u00e7\u00e3o, a compet\u00eancia federal e estadual, nos termos do quanto disposto no artigo 23, inciso I, 144, par\u00e1grafo 8\u00ba e artigo 225 da Constitui\u00e7\u00e3o Federal, artigo 24, inciso VI, da Lei Federal n\u00ba 9.503\/97, artigo 6\u00ba, inciso III, da Lei Federal n\u00ba 10.826\/03, artigos 40 a 45 do Decreto Federal n\u00ba 5.123\/04, Lei Org\u00e2nica do Munic\u00edpio e Lei Municipal n\u00ba 406\/2011, \u00f3rg\u00e3o de regime especial da administra\u00e7\u00e3o direta, integrante da Secretaria Municipal de Administra\u00e7\u00e3o.<\/em><\/p>\n<p style=\"text-align: justify;\"><img fetchpriority=\"high\" decoding=\"async\" class=\"size-thumbnail wp-image-4869 aligncenter\" src=\"http:\/\/www.portalalerta.com.br\/wp-content\/uploads\/2018\/02\/Auto-Escola-Nobre-720x181.jpg\" alt=\"\" width=\"720\" height=\"181\" srcset=\"https:\/\/www.portalalerta.com.br\/wp-content\/uploads\/2018\/02\/Auto-Escola-Nobre.jpg 720w, https:\/\/www.portalalerta.com.br\/wp-content\/uploads\/2018\/02\/Auto-Escola-Nobre-260x65.jpg 260w, https:\/\/www.portalalerta.com.br\/wp-content\/uploads\/2018\/02\/Auto-Escola-Nobre-50x13.jpg 50w, https:\/\/www.portalalerta.com.br\/wp-content\/uploads\/2018\/02\/Auto-Escola-Nobre-150x38.jpg 150w\" sizes=\"(max-width: 720px) 100vw, 720px\" \/>Outros pontos em destaque transformam os atuais Guardas municipais em servidores efetivos do munic\u00edpio (Art. 1\u00ba. \u00a7 1\u00ba.) e veda, a partir de agora, ingresso de3 novos Guardas Municipais sem concurso p\u00fablico espec\u00edfico mesmo que para assumir fun\u00e7\u00e3o de cunho administrativo. (Art. 1\u00ba. \u00a7 2\u00ba.).<\/p>\n<p style=\"text-align: justify;\">Quanto \u00e0 estrutura a Lei determina que:<\/p>\n<p style=\"text-align: justify;\"><em>O Art. 11. \u00a7 1\u00ba. A Guarda Civil Municipal possui a seguinte estrutura hier\u00e1rquica: I \u2013 Guarda Municipal de 1\u00aa classe; II \u2013 Guarda Municipal de 2\u00aa classe; III \u2013 Guarda Municipal de 3\u00ba classe IV \u2013 Supervisor; V \u2013 Corregedor; VI \u2013 Comandante;<\/em><\/p>\n<p style=\"text-align: justify;\">Quanto \u00e0s fun\u00e7\u00f5es de Confian\u00e7a e Comando da institui\u00e7\u00f5es ficou determinado que:<\/p>\n<p style=\"text-align: justify;\"><em>Art. 12. Ficam criadas as Fun\u00e7\u00f5es de Confian\u00e7a de Comandante da Guarda Civil Municipal, Supervisor da Guarda Civil Municipal e Corregedor da Guarda Civil Municipal, com no m\u00ednimo Ensino M\u00e9dio para compor estes cargos de confian\u00e7a que ser\u00e3o todos de livre nomea\u00e7\u00e3o e exonera\u00e7\u00e3o pelo Chefe do Poder Executivo, concursados no cargo de carreira da Guarda Municipal ou Guarda Civil Municipal, para compor o Alto Comando da Guarda Civil Municipal de Jeremoabo \u2013 BA.<\/em><\/p>\n<ul style=\"text-align: justify;\">\n<li><em>1\u00ba. Os cargos de Comandante da Guarda Civil Municipal, o Supervisor da Guarda Civil Municipal e o Corregedor da Guarda Civil Municipal, s\u00e3o cargos em comiss\u00e3o da Guarda Civil Municipal de Jeremoabo, sendo de livre nomea\u00e7\u00e3o e exonera\u00e7\u00e3o, pelo Prefeito Municipal de Jeremoabo, e devendo estarem todos dentro do quadro de provimento efetivo e de carreira da Guarda Civil Municipal de Jeremoabo.<\/em><\/li>\n<\/ul>\n<p style=\"text-align: justify;\">Sem d\u00favida, um avan\u00e7o consider\u00e1vel para a GCM, institui\u00e7\u00e3o com muito bom servi\u00e7o prestado \u00e0 comunidade jeremoabense.<\/p>\n<p style=\"text-align: justify;\"><em>Fonte: Jeremoabo Agora<\/em><\/p>\n","protected":false},"excerpt":{"rendered":"<p>A Guarda Civil de Jeremoabo (BA) agora est\u00e1 definitivamente regulamentada, atrav\u00e9s da Lei Municipal no. 559, de 02.05.2018, que disp\u00f5e sobre sua regulariza\u00e7\u00e3o e organiza\u00e7\u00e3o.<\/p>\n","protected":false},"author":2,"featured_media":7307,"comment_status":"closed","ping_status":"open","sticky":false,"template":"","format":"standard","meta":{"om_disable_all_campaigns":false,"_monsterinsights_skip_tracking":false,"_monsterinsights_sitenote_active":false,"_monsterinsights_sitenote_note":"","_monsterinsights_sitenote_category":0,"footnotes":""},"categories":[70,9,69,32,22],"tags":[313,230,397],"class_list":["post-7306","post","type-post","status-publish","format-standard","has-post-thumbnail","hentry","category-destaques","category-jeremoabo","category-noticias2","category-regiao","category-seguranca","tag-gcm","tag-jeremoabo","tag-seguranca"],"aioseo_notices":[],"_links":{"self":[{"href":"https:\/\/www.portalalerta.com.br\/index.php\/wp-json\/wp\/v2\/posts\/7306","targetHints":{"allow":["GET"]}}],"collection":[{"href":"https:\/\/www.portalalerta.com.br\/index.php\/wp-json\/wp\/v2\/posts"}],"about":[{"href":"https:\/\/www.portalalerta.com.br\/index.php\/wp-json\/wp\/v2\/types\/post"}],"author":[{"embeddable":true,"href":"https:\/\/www.portalalerta.com.br\/index.php\/wp-json\/wp\/v2\/users\/2"}],"replies":[{"embeddable":true,"href":"https:\/\/www.portalalerta.com.br\/index.php\/wp-json\/wp\/v2\/comments?post=7306"}],"version-history":[{"count":0,"href":"https:\/\/www.portalalerta.com.br\/index.php\/wp-json\/wp\/v2\/posts\/7306\/revisions"}],"wp:featuredmedia":[{"embeddable":true,"href":"https:\/\/www.portalalerta.com.br\/index.php\/wp-json\/wp\/v2\/media\/7307"}],"wp:attachment":[{"href":"https:\/\/www.portalalerta.com.br\/index.php\/wp-json\/wp\/v2\/media?parent=7306"}],"wp:term":[{"taxonomy":"category","embeddable":true,"href":"https:\/\/www.portalalerta.com.br\/index.php\/wp-json\/wp\/v2\/categories?post=7306"},{"taxonomy":"post_tag","embeddable":true,"href":"https:\/\/www.portalalerta.com.br\/index.php\/wp-json\/wp\/v2\/tags?post=7306"}],"curies":[{"name":"wp","href":"https:\/\/api.w.org\/{rel}","templated":true}]}}