{"id":7309,"date":"2018-05-17T01:09:06","date_gmt":"2018-05-17T04:09:06","guid":{"rendered":"http:\/\/www.portalalerta.com.br\/?p=7309"},"modified":"2018-05-17T01:09:06","modified_gmt":"2018-05-17T04:09:06","slug":"promotor-de-justica-de-paulo-afonso-e-vitima-de-acidente-de-transito-na-br-110","status":"publish","type":"post","link":"https:\/\/www.portalalerta.com.br\/index.php\/2018\/05\/17\/promotor-de-justica-de-paulo-afonso-e-vitima-de-acidente-de-transito-na-br-110\/","title":{"rendered":"Promotor de Justi\u00e7a de Paulo Afonso \u00e9 v\u00edtima de acidente de tr\u00e2nsito na BR-110"},"content":{"rendered":"<p style=\"text-align: justify;\">Um grave acidente de tr\u00e2nsito envolvendo um carro e um caminh\u00e3o-pipa foi registrado na noite desta ter\u00e7a-feira, dia 15, na BR-110 entre os munic\u00edpios de Jeremoabo-BA e Paulo Afonso-BA.<!--more--><\/p>\n<p style=\"text-align: justify;\">Ap\u00f3s o acidente, imagens dos ve\u00edculos envolvidos logo se espalharam nas redes sociais com a informa\u00e7\u00e3o de que um dos ocupantes do carro tratava-se do promotor de Justi\u00e7a de Paulo Afonso, Leonardo Bittencourt, do Minist\u00e9rio P\u00fablico do Estado da Bahia.<\/p>\n<p style=\"text-align: justify;\">O carro em que ele estava era conduzido por um motorista que tamb\u00e9m n\u00e3o se feriu gravemente. Ambos voltavam de Aracaju-SE com destino a Paulo Afonso.<\/p>\n<p style=\"text-align: justify;\"><img fetchpriority=\"high\" decoding=\"async\" class=\"size-full wp-image-2867 aligncenter\" src=\"http:\/\/www.portalalerta.com.br\/wp-content\/uploads\/2017\/11\/protege-1.jpg\" alt=\"\" width=\"600\" height=\"140\" \/>Em \u00e1udio publicado num grupo de WhatsApp e enviado por um leitor do site, um homem que se identificou como primo do promotor tranquilizou os amigos e familiares:<\/p>\n<p style=\"text-align: justify;\"><strong><em>\u201cPessoal boa noite, o promotor que foi acidentado \u00e9 meu primo, Dr. Leonardo Bittencourt, mas est\u00e1 bem, inclusive estou voltando de Jeremoabo com ele e j\u00e1 estamos em Paulo Afonso e ele est\u00e1 bem, n\u00e3o teve nada n\u00e3o gra\u00e7as a Deus\u201d<\/em><\/strong>.<\/p>\n<p style=\"text-align: justify;\">A equipe do PA4 tamb\u00e9m entrou em contato com a colega e amiga do Dr. Leonardo, a tamb\u00e9m promotora de Justi\u00e7a, Luciana Khoury que gentilmente atendeu ao site, confirmou a informa\u00e7\u00e3o e ratificou o bom estado de sa\u00fade das v\u00edtimas:\u00a0<strong><em>\u201cFoi entre Jeremoabo e Paulo Afonso, mas gra\u00e7as a Deus todos est\u00e3o bem. Acidente forte, mas ele est\u00e1 bem\u201d<\/em><\/strong>, informou a promotora.<\/p>\n<p style=\"text-align: justify;\">Ainda n\u00e3o h\u00e1 informa\u00e7\u00f5es sobre as causas do acidente.<\/p>\n<p style=\"text-align: justify;\">No ano passado, Dr. Leonardo tamb\u00e9m foi v\u00edtima de outro grave acidente de tr\u00e2nsito que o deixou afastado das fun\u00e7\u00f5es por v\u00e1rios meses. Uma barra de ferro que se desvencilhou de outro ve\u00edculo ficou cravada em sua cabe\u00e7a. O promotor teve que passar por cirurgias e um longo tratamento m\u00e9dico, at\u00e9 se recuperar.<\/p>\n<p style=\"text-align: justify;\">\n<em>Fonte: Carlino Souza<\/em><\/p>\n<p style=\"text-align: justify;\"><em>Com informa\u00e7\u00f5es do PA4.<\/em><\/p>\n","protected":false},"excerpt":{"rendered":"<p>Um grave acidente de tr\u00e2nsito envolvendo um carro e um caminh\u00e3o-pipa foi registrado na noite desta ter\u00e7a-feira, dia 15, na BR-110 entre os munic\u00edpios de Jeremoabo-BA e Paulo Afonso-BA.<\/p>\n","protected":false},"author":2,"featured_media":7310,"comment_status":"closed","ping_status":"open","sticky":false,"template":"","format":"standard","meta":{"om_disable_all_campaigns":false,"_monsterinsights_skip_tracking":false,"_monsterinsights_sitenote_active":false,"_monsterinsights_sitenote_note":"","_monsterinsights_sitenote_category":0,"footnotes":""},"categories":[33,70,9,69,32],"tags":[166,126,230,118,1088],"class_list":["post-7309","post","type-post","status-publish","format-standard","has-post-thumbnail","hentry","category-bahia","category-destaques","category-jeremoabo","category-noticias2","category-regiao","tag-acidente","tag-br-110","tag-jeremoabo","tag-paulo-afonso","tag-promotor-de-justica"],"aioseo_notices":[],"_links":{"self":[{"href":"https:\/\/www.portalalerta.com.br\/index.php\/wp-json\/wp\/v2\/posts\/7309","targetHints":{"allow":["GET"]}}],"collection":[{"href":"https:\/\/www.portalalerta.com.br\/index.php\/wp-json\/wp\/v2\/posts"}],"about":[{"href":"https:\/\/www.portalalerta.com.br\/index.php\/wp-json\/wp\/v2\/types\/post"}],"author":[{"embeddable":true,"href":"https:\/\/www.portalalerta.com.br\/index.php\/wp-json\/wp\/v2\/users\/2"}],"replies":[{"embeddable":true,"href":"https:\/\/www.portalalerta.com.br\/index.php\/wp-json\/wp\/v2\/comments?post=7309"}],"version-history":[{"count":0,"href":"https:\/\/www.portalalerta.com.br\/index.php\/wp-json\/wp\/v2\/posts\/7309\/revisions"}],"wp:featuredmedia":[{"embeddable":true,"href":"https:\/\/www.portalalerta.com.br\/index.php\/wp-json\/wp\/v2\/media\/7310"}],"wp:attachment":[{"href":"https:\/\/www.portalalerta.com.br\/index.php\/wp-json\/wp\/v2\/media?parent=7309"}],"wp:term":[{"taxonomy":"category","embeddable":true,"href":"https:\/\/www.portalalerta.com.br\/index.php\/wp-json\/wp\/v2\/categories?post=7309"},{"taxonomy":"post_tag","embeddable":true,"href":"https:\/\/www.portalalerta.com.br\/index.php\/wp-json\/wp\/v2\/tags?post=7309"}],"curies":[{"name":"wp","href":"https:\/\/api.w.org\/{rel}","templated":true}]}}