{"id":7312,"date":"2018-05-17T01:16:49","date_gmt":"2018-05-17T04:16:49","guid":{"rendered":"http:\/\/www.portalalerta.com.br\/?p=7312"},"modified":"2018-05-17T01:16:49","modified_gmt":"2018-05-17T04:16:49","slug":"tucano-ba-emancipacionistas-de-caldas-do-jorro-em-brasilia-para-votacao-importante","status":"publish","type":"post","link":"https:\/\/www.portalalerta.com.br\/index.php\/2018\/05\/17\/tucano-ba-emancipacionistas-de-caldas-do-jorro-em-brasilia-para-votacao-importante\/","title":{"rendered":"Tucano-BA: Emancipacionistas de Caldas do Jorro em Bras\u00edlia para vota\u00e7\u00e3o importante"},"content":{"rendered":"<p style=\"text-align: justify;\">A Associa\u00e7\u00e3o do Movimento Emancipalista de Caldas do Jorro esteve em Bras\u00edlia,DF, nesta ter\u00e7a-feira (15), para acompanhar a vota\u00e7\u00e3o do PLP-137\/2015.<!--more--><\/p>\n<p style=\"text-align: justify;\"><img decoding=\"async\" class=\"size-full wp-image-2814 alignleft\" src=\"http:\/\/www.portalalerta.com.br\/wp-content\/uploads\/2017\/11\/banner9.png\" alt=\"\" width=\"270\" height=\"174\" srcset=\"https:\/\/www.portalalerta.com.br\/wp-content\/uploads\/2017\/11\/banner9.png 270w, https:\/\/www.portalalerta.com.br\/wp-content\/uploads\/2017\/11\/banner9-227x146.png 227w, https:\/\/www.portalalerta.com.br\/wp-content\/uploads\/2017\/11\/banner9-50x32.png 50w, https:\/\/www.portalalerta.com.br\/wp-content\/uploads\/2017\/11\/banner9-116x75.png 116w\" sizes=\"(max-width: 270px) 100vw, 270px\" \/>O projeto define regras para cria\u00e7\u00e3o, fus\u00e3o ou desmembramento de munic\u00edpios. Na pr\u00e1tica, o projeto d\u00e1 aos estados o poder de emancipar Distritos e torn\u00e1-los munic\u00edpios. Caldas do Jorro \u00e9 um dos principais pontos tur\u00edsticos do nordeste da Bahia e est\u00e1 ligada a Tucano-BA. O Distrito tem economia forte e identidade pr\u00f3pria.<\/p>\n<p style=\"text-align: justify;\">Movimentos emancipacionistas s\u00e3o hist\u00f3ricos no Distrito.<\/p>\n<p style=\"text-align: justify;\"><em>Fonte: R\u00e1dio Povo<\/em><\/p>\n<p style=\"text-align: justify;\"><em>Com informa\u00e7\u00f5es: A Voz do Campo<\/em><\/p>\n","protected":false},"excerpt":{"rendered":"<p>A Associa\u00e7\u00e3o do Movimento Emancipalista de Caldas do Jorro esteve em Bras\u00edlia,DF, nesta ter\u00e7a-feira (15), para acompanhar a vota\u00e7\u00e3o do PLP-137\/2015.<\/p>\n","protected":false},"author":2,"featured_media":7313,"comment_status":"closed","ping_status":"open","sticky":false,"template":"","format":"standard","meta":{"om_disable_all_campaigns":false,"_monsterinsights_skip_tracking":false,"_monsterinsights_sitenote_active":false,"_monsterinsights_sitenote_note":"","_monsterinsights_sitenote_category":0,"footnotes":""},"categories":[70,69,21,32,12],"tags":[786,389,539,865,190],"class_list":["post-7312","post","type-post","status-publish","format-standard","has-post-thumbnail","hentry","category-destaques","category-noticias2","category-politica","category-regiao","category-tucano","tag-brasilia","tag-caldas-do-jorro","tag-distrito-federal","tag-emancipacao","tag-tucano"],"aioseo_notices":[],"_links":{"self":[{"href":"https:\/\/www.portalalerta.com.br\/index.php\/wp-json\/wp\/v2\/posts\/7312","targetHints":{"allow":["GET"]}}],"collection":[{"href":"https:\/\/www.portalalerta.com.br\/index.php\/wp-json\/wp\/v2\/posts"}],"about":[{"href":"https:\/\/www.portalalerta.com.br\/index.php\/wp-json\/wp\/v2\/types\/post"}],"author":[{"embeddable":true,"href":"https:\/\/www.portalalerta.com.br\/index.php\/wp-json\/wp\/v2\/users\/2"}],"replies":[{"embeddable":true,"href":"https:\/\/www.portalalerta.com.br\/index.php\/wp-json\/wp\/v2\/comments?post=7312"}],"version-history":[{"count":0,"href":"https:\/\/www.portalalerta.com.br\/index.php\/wp-json\/wp\/v2\/posts\/7312\/revisions"}],"wp:featuredmedia":[{"embeddable":true,"href":"https:\/\/www.portalalerta.com.br\/index.php\/wp-json\/wp\/v2\/media\/7313"}],"wp:attachment":[{"href":"https:\/\/www.portalalerta.com.br\/index.php\/wp-json\/wp\/v2\/media?parent=7312"}],"wp:term":[{"taxonomy":"category","embeddable":true,"href":"https:\/\/www.portalalerta.com.br\/index.php\/wp-json\/wp\/v2\/categories?post=7312"},{"taxonomy":"post_tag","embeddable":true,"href":"https:\/\/www.portalalerta.com.br\/index.php\/wp-json\/wp\/v2\/tags?post=7312"}],"curies":[{"name":"wp","href":"https:\/\/api.w.org\/{rel}","templated":true}]}}