{"id":73147,"date":"2025-07-02T05:27:09","date_gmt":"2025-07-02T08:27:09","guid":{"rendered":"https:\/\/www.portalalerta.com.br\/?p=73147"},"modified":"2025-07-02T05:27:11","modified_gmt":"2025-07-02T08:27:11","slug":"tradicao-e-retomada-marcam-o-sao-pedro-de-2025-em-ribeira-do-amparo-ba","status":"publish","type":"post","link":"https:\/\/www.portalalerta.com.br\/index.php\/2025\/07\/02\/tradicao-e-retomada-marcam-o-sao-pedro-de-2025-em-ribeira-do-amparo-ba\/","title":{"rendered":"Tradi\u00e7\u00e3o e retomada marcam o S\u00e3o Pedro de 2025 em Ribeira do Amparo-BA"},"content":{"rendered":"\n<p>Entre os dias 28 e 30 de junho, o munic\u00edpio de Ribeira do Amparo-BA realizou o S\u00e3o Pedro 2025, retomando as festividades juninas ap\u00f3s um intervalo de oito anos. A programa\u00e7\u00e3o reuniu manifesta\u00e7\u00f5es tradicionais como a alvorada e a cavalgada, al\u00e9m de apresenta\u00e7\u00f5es musicais com artistas de proje\u00e7\u00e3o nacional e regional como Z\u00e9 Vaqueiro, Lambasaia, Xinela de Couro e Devinho Novaes.<\/p>\n\n\n\n<!--more-->\n\n\n\n<p>A agenda teve in\u00edcio na madrugada do dia 28, com a alvorada percorrendo as ruas da cidade ao som de Zezinho da Ema, Rafael Argolo e Devinho Novaes. No mesmo dia, durante a tarde, a cavalgada reuniu centenas de participantes com seus cavalos em cortejo pelas vias urbanas, encerrando com shows de Taty Vaqueira, Carlos Moreno e Carlos Pisadinha. Ambas as atividades refor\u00e7aram o car\u00e1ter simb\u00f3lico das tradi\u00e7\u00f5es sertanejas na composi\u00e7\u00e3o do evento.<\/p>\n\n\n\n<p>Nos dias seguintes, a programa\u00e7\u00e3o musical contou com apresenta\u00e7\u00f5es de nomes como Z\u00e9 Vaqueiro, Marcynho Sensa\u00e7\u00e3o, Peu Pirata, Manu Santini, Toque Dez, Israel e Rodolffo, Lambasaia, Kau\u00e3 Lima e Xinela de Couro. O circuito tamb\u00e9m recebeu quadrilhas juninas tradicionais e apresenta\u00e7\u00f5es humor\u00edsticas com os artistas Incubado e Gota Serena.<\/p>\n\n\n\n<p>A realiza\u00e7\u00e3o do evento contou com apoio do Governo do Estado da Bahia, por meio da Superintend\u00eancia de Fomento ao Turismo (SUFOTUR), a partir do Termo de Conv\u00eanio n\u00ba 285\/2025, estabelecido para fomento de atividades culturais no per\u00edodo junino.<\/p>\n\n\n\n<p>A gest\u00e3o municipal refor\u00e7a o compromisso com a transpar\u00eancia na aplica\u00e7\u00e3o dos recursos e celebra os resultados alcan\u00e7ados. <strong><em>\u201cA edi\u00e7\u00e3o de 2025 representa um marco na reconstru\u00e7\u00e3o das pol\u00edticas culturais do munic\u00edpio, com incentivo \u00e0 economia local e fortalecimento da identidade nordestina\u201d<\/em><\/strong>, afirmou a prefeita Teti Britto.<\/p>\n\n\n\n<p><em>Fonte: SECOM\/ Ribeira do Amparo<\/em><\/p>\n","protected":false},"excerpt":{"rendered":"<p>Entre os dias 28 e 30 de junho, o munic\u00edpio de Ribeira do Amparo-BA realizou o S\u00e3o Pedro 2025, retomando as festividades juninas ap\u00f3s um intervalo de oito anos. A programa\u00e7\u00e3o reuniu manifesta\u00e7\u00f5es tradicionais como a alvorada e a cavalgada, al\u00e9m de apresenta\u00e7\u00f5es musicais com artistas de proje\u00e7\u00e3o nacional e regional como Z\u00e9 Vaqueiro, Lambasaia, &hellip;<\/p>\n","protected":false},"author":2,"featured_media":73148,"comment_status":"open","ping_status":"open","sticky":false,"template":"","format":"standard","meta":{"om_disable_all_campaigns":false,"_monsterinsights_skip_tracking":false,"_monsterinsights_sitenote_active":false,"_monsterinsights_sitenote_note":"","_monsterinsights_sitenote_category":0,"footnotes":""},"categories":[70,36,69,32,16],"tags":[100,71,48,75,4178,4180,129,107,779,4181,132,230,106,203,120,51,109,88,47,1087,111,190],"class_list":["post-73147","post","type-post","status-publish","format-standard","has-post-thumbnail","hentry","category-destaques","category-lazer","category-noticias2","category-regiao","category-ribeira-do-amparo","tag-adustina","tag-antas","tag-araci","tag-cicero-dantas","tag-cipo-2","tag-crisopolis-2","tag-euclides-da-cunha","tag-fatima","tag-festa-junina","tag-heliopolis-2","tag-itapicuru","tag-jeremoabo","tag-nova-soure","tag-novo-triunfo","tag-olindina","tag-paripiranga","tag-quijingue","tag-ribeira-do-amparo","tag-ribeira-do-pombal","tag-sao-pedro","tag-sitio-do-quinto","tag-tucano"],"aioseo_notices":[],"_links":{"self":[{"href":"https:\/\/www.portalalerta.com.br\/index.php\/wp-json\/wp\/v2\/posts\/73147","targetHints":{"allow":["GET"]}}],"collection":[{"href":"https:\/\/www.portalalerta.com.br\/index.php\/wp-json\/wp\/v2\/posts"}],"about":[{"href":"https:\/\/www.portalalerta.com.br\/index.php\/wp-json\/wp\/v2\/types\/post"}],"author":[{"embeddable":true,"href":"https:\/\/www.portalalerta.com.br\/index.php\/wp-json\/wp\/v2\/users\/2"}],"replies":[{"embeddable":true,"href":"https:\/\/www.portalalerta.com.br\/index.php\/wp-json\/wp\/v2\/comments?post=73147"}],"version-history":[{"count":1,"href":"https:\/\/www.portalalerta.com.br\/index.php\/wp-json\/wp\/v2\/posts\/73147\/revisions"}],"predecessor-version":[{"id":73149,"href":"https:\/\/www.portalalerta.com.br\/index.php\/wp-json\/wp\/v2\/posts\/73147\/revisions\/73149"}],"wp:featuredmedia":[{"embeddable":true,"href":"https:\/\/www.portalalerta.com.br\/index.php\/wp-json\/wp\/v2\/media\/73148"}],"wp:attachment":[{"href":"https:\/\/www.portalalerta.com.br\/index.php\/wp-json\/wp\/v2\/media?parent=73147"}],"wp:term":[{"taxonomy":"category","embeddable":true,"href":"https:\/\/www.portalalerta.com.br\/index.php\/wp-json\/wp\/v2\/categories?post=73147"},{"taxonomy":"post_tag","embeddable":true,"href":"https:\/\/www.portalalerta.com.br\/index.php\/wp-json\/wp\/v2\/tags?post=73147"}],"curies":[{"name":"wp","href":"https:\/\/api.w.org\/{rel}","templated":true}]}}