{"id":7315,"date":"2018-05-17T02:14:21","date_gmt":"2018-05-17T05:14:21","guid":{"rendered":"http:\/\/www.portalalerta.com.br\/?p=7315"},"modified":"2018-05-17T02:14:21","modified_gmt":"2018-05-17T05:14:21","slug":"garoto-comemora-aniversario-na-sede-da-cipe-nordeste-em-ribeira-do-pombal-ba","status":"publish","type":"post","link":"https:\/\/www.portalalerta.com.br\/index.php\/2018\/05\/17\/garoto-comemora-aniversario-na-sede-da-cipe-nordeste-em-ribeira-do-pombal-ba\/","title":{"rendered":"Garoto comemora anivers\u00e1rio na sede da CIPE-Nordeste, em Ribeira do Pombal-BA"},"content":{"rendered":"<p style=\"text-align: justify;\">A data do dia 16 de maio de 2018, certamente ficar\u00e1 por muito tempo na mem\u00f3ria do garoto Pedro, filho de uma fam\u00edlia simples da cidade de Ribeira do Pombal-BA.<!--more--><\/p>\n<p style=\"text-align: justify;\"><img fetchpriority=\"high\" decoding=\"async\" class=\"size-full wp-image-2902 alignleft\" src=\"http:\/\/www.portalalerta.com.br\/wp-content\/uploads\/2017\/11\/elab-2.jpg\" alt=\"\" width=\"310\" height=\"200\" srcset=\"https:\/\/www.portalalerta.com.br\/wp-content\/uploads\/2017\/11\/elab-2.jpg 310w, https:\/\/www.portalalerta.com.br\/wp-content\/uploads\/2017\/11\/elab-2-226x146.jpg 226w, https:\/\/www.portalalerta.com.br\/wp-content\/uploads\/2017\/11\/elab-2-50x32.jpg 50w, https:\/\/www.portalalerta.com.br\/wp-content\/uploads\/2017\/11\/elab-2-116x75.jpg 116w\" sizes=\"(max-width: 310px) 100vw, 310px\" \/>Com o sonho de ser policial militar quando crescer, fez o pedido a sua genitora para festejar o anivers\u00e1rio de 4 anos, no quartel da CIPE NORDESTE, o que de pronto foi atendido pelo comandante daquela unidade especializada. Os olhos de Pedro brilhavam e logo ele pediu para colocar a chap\u00e9u\u00a0 de um dos policiais, pois queria sair nas fotos com ele. O garoto recebeu o carinho dos policiais militares presentes que ficaram felizes com a presen\u00e7a de todos.<\/p>\n<p style=\"text-align: justify;\">Para a m\u00e3e do menino, a senhora Aloigna, o momento foi marcante n\u00e3o s\u00f3 para o filho dela, mas tamb\u00e9m para toda a fam\u00edlia\u00a0 que se reuniu para comemorar o anivers\u00e1rio.<\/p>\n<p style=\"text-align: justify;\"><em>Fonte: CIPE-Nordeste<\/em><\/p>\n","protected":false},"excerpt":{"rendered":"<p>A data do dia 16 de maio de 2018, certamente ficar\u00e1 por muito tempo na mem\u00f3ria do garoto Pedro, filho de uma fam\u00edlia simples da cidade de Ribeira do Pombal-BA.<\/p>\n","protected":false},"author":2,"featured_media":7316,"comment_status":"closed","ping_status":"open","sticky":false,"template":"","format":"standard","meta":{"om_disable_all_campaigns":false,"_monsterinsights_skip_tracking":false,"_monsterinsights_sitenote_active":false,"_monsterinsights_sitenote_note":"","_monsterinsights_sitenote_category":0,"footnotes":""},"categories":[70,69,32,3,22],"tags":[1089,167,79,47],"class_list":["post-7315","post","type-post","status-publish","format-standard","has-post-thumbnail","hentry","category-destaques","category-noticias2","category-regiao","category-ribeira-do-pombal","category-seguranca","tag-aniversario","tag-cipe-nordeste","tag-policia-militar","tag-ribeira-do-pombal"],"aioseo_notices":[],"_links":{"self":[{"href":"https:\/\/www.portalalerta.com.br\/index.php\/wp-json\/wp\/v2\/posts\/7315","targetHints":{"allow":["GET"]}}],"collection":[{"href":"https:\/\/www.portalalerta.com.br\/index.php\/wp-json\/wp\/v2\/posts"}],"about":[{"href":"https:\/\/www.portalalerta.com.br\/index.php\/wp-json\/wp\/v2\/types\/post"}],"author":[{"embeddable":true,"href":"https:\/\/www.portalalerta.com.br\/index.php\/wp-json\/wp\/v2\/users\/2"}],"replies":[{"embeddable":true,"href":"https:\/\/www.portalalerta.com.br\/index.php\/wp-json\/wp\/v2\/comments?post=7315"}],"version-history":[{"count":0,"href":"https:\/\/www.portalalerta.com.br\/index.php\/wp-json\/wp\/v2\/posts\/7315\/revisions"}],"wp:featuredmedia":[{"embeddable":true,"href":"https:\/\/www.portalalerta.com.br\/index.php\/wp-json\/wp\/v2\/media\/7316"}],"wp:attachment":[{"href":"https:\/\/www.portalalerta.com.br\/index.php\/wp-json\/wp\/v2\/media?parent=7315"}],"wp:term":[{"taxonomy":"category","embeddable":true,"href":"https:\/\/www.portalalerta.com.br\/index.php\/wp-json\/wp\/v2\/categories?post=7315"},{"taxonomy":"post_tag","embeddable":true,"href":"https:\/\/www.portalalerta.com.br\/index.php\/wp-json\/wp\/v2\/tags?post=7315"}],"curies":[{"name":"wp","href":"https:\/\/api.w.org\/{rel}","templated":true}]}}