{"id":7321,"date":"2018-05-17T17:04:48","date_gmt":"2018-05-17T20:04:48","guid":{"rendered":"http:\/\/www.portalalerta.com.br\/?p=7321"},"modified":"2018-05-17T17:04:48","modified_gmt":"2018-05-17T20:04:48","slug":"caixa-economica-federal-vai-fechar-100-agencias-no-pais","status":"publish","type":"post","link":"https:\/\/www.portalalerta.com.br\/index.php\/2018\/05\/17\/caixa-economica-federal-vai-fechar-100-agencias-no-pais\/","title":{"rendered":"Caixa Econ\u00f4mica Federal vai fechar 100 ag\u00eancias no pa\u00eds"},"content":{"rendered":"<p style=\"text-align: justify;\">Em busca de lucros cada vez maiores, a Caixa Econ\u00f4mica Federal adotou uma estrat\u00e9gia de enxugar o quadro de servidores e reduzir o n\u00famero de ag\u00eancias. De dezembro de 2014 at\u00e9 agora, o banco cortou 15 mil funcion\u00e1rios, fechou 30 ag\u00eancias e j\u00e1 tem outras 100 no radar. O levantamento \u00e9 da representante dos trabalhadores no conselho de administra\u00e7\u00e3o do banco, Rita Serrano.<!--more--><\/p>\n<p style=\"text-align: justify;\"><img fetchpriority=\"high\" decoding=\"async\" class=\"size-full wp-image-2867 aligncenter\" src=\"http:\/\/www.portalalerta.com.br\/wp-content\/uploads\/2017\/11\/protege-1.jpg\" alt=\"\" width=\"600\" height=\"140\" \/>H\u00e1 pouco mais de duas semanas, a institui\u00e7\u00e3o lan\u00e7ou um programa de efici\u00eancia para reduzir gastos e economizar R$ 2,5 bilh\u00f5es. A medida atinge todo tipo de despesas, como pagamento horas extras para funcion\u00e1rios, revis\u00e3o de contratos de aluguel, de presta\u00e7\u00e3o de servi\u00e7os e at\u00e9 mesmo economia com copinho de caf\u00e9, contou Rita. No Rio, a Caixa est\u00e1 mudando sua sede da avenida Almirante Barroso para o Porto Maravilha. Segundo ela, o banco tamb\u00e9m elevou juros, tarifas e s\u00f3 mais recentemente, reduziu taxas para empr\u00e9stimos habitacionais, com atraso em rela\u00e7\u00e3o \u00e0 concorr\u00eancia.<\/p>\n<p style=\"text-align: justify;\">Para Rita, a Caixa est\u00e1 cada vez mais parecida com um banco privado:<\/p>\n<p style=\"text-align: justify;\">\u2013 Banco p\u00fablico tamb\u00e9m tem que dar resultado, mas se ele \u00e9 igual ao privado, perde a raz\u00e3o de existir \u2013 destacou Rita, acrescentando que a ideia \u00e9 empurrar a popula\u00e7\u00e3o, sobretudo de baixa renda, para os correspondentes banc\u00e1rios, como lot\u00e9ricas, dificultando o processo a bancariza\u00e7\u00e3o e tornando o atendimento mais prec\u00e1rio.<\/p>\n<p style=\"text-align: justify;\">Ao mesmo tempo em que corta gastos, a Caixa realiza amanh\u00e3 um evento com custo superior a R$ 10 milh\u00f5es com car\u00e1ter festivo para seis mil empregados de todo o pa\u00eds, que ganharam passagens para vir \u00e0 capital.<\/p>\n<p style=\"text-align: justify;\">\u2013 Para mim, isso \u00e9 uma contradi\u00e7\u00e3o \u2013 afirmou Rita, acrescentando que fez quest\u00e3o de deixar sua posi\u00e7\u00e3o contr\u00e1ria \u00e0 realiza\u00e7\u00e3o do evento durante a reuni\u00e3o do conselho de administra\u00e7\u00e3o na semana passada.<\/p>\n<p style=\"text-align: justify;\">\u2013 Responderam que era investimento, uma forma de motivar os funcion\u00e1rios \u2013 contou ela.<\/p>\n<p style=\"text-align: justify;\">No evento, o banco vai anunciar que a meta para o lucro de 2018 ser\u00e1 de R$ 9 bilh\u00f5es e n\u00e3o mais R$ 7,3 bilh\u00f5es, conforme fora projetado anteriormente. Em 2017, o lucro do banco foi de R$ 8,7 bilh\u00f5es (valor que subiu para R$ 12 bilh\u00f5es com a queda na provis\u00e3o de gastos com plano de sa\u00fade dos funcion\u00e1rios).<\/p>\n<p style=\"text-align: justify;\"><em>Fonte: Ibahia<\/em><\/p>\n","protected":false},"excerpt":{"rendered":"<p>Em busca de lucros cada vez maiores, a Caixa Econ\u00f4mica Federal adotou uma estrat\u00e9gia de enxugar o quadro de servidores e reduzir o n\u00famero de ag\u00eancias. De dezembro de 2014 at\u00e9 agora, o banco cortou 15 mil funcion\u00e1rios, fechou 30 ag\u00eancias e j\u00e1 tem outras 100 no radar. O levantamento \u00e9 da representante dos trabalhadores &hellip;<\/p>\n","protected":false},"author":2,"featured_media":3318,"comment_status":"closed","ping_status":"open","sticky":false,"template":"","format":"standard","meta":{"om_disable_all_campaigns":false,"_monsterinsights_skip_tracking":false,"_monsterinsights_sitenote_active":false,"_monsterinsights_sitenote_note":"","_monsterinsights_sitenote_category":0,"footnotes":""},"categories":[34,70,69],"tags":[1091,239,249],"class_list":["post-7321","post","type-post","status-publish","format-standard","has-post-thumbnail","hentry","category-brasil","category-destaques","category-noticias2","tag-agencia-bancaria","tag-cef","tag-governo-federal"],"aioseo_notices":[],"_links":{"self":[{"href":"https:\/\/www.portalalerta.com.br\/index.php\/wp-json\/wp\/v2\/posts\/7321","targetHints":{"allow":["GET"]}}],"collection":[{"href":"https:\/\/www.portalalerta.com.br\/index.php\/wp-json\/wp\/v2\/posts"}],"about":[{"href":"https:\/\/www.portalalerta.com.br\/index.php\/wp-json\/wp\/v2\/types\/post"}],"author":[{"embeddable":true,"href":"https:\/\/www.portalalerta.com.br\/index.php\/wp-json\/wp\/v2\/users\/2"}],"replies":[{"embeddable":true,"href":"https:\/\/www.portalalerta.com.br\/index.php\/wp-json\/wp\/v2\/comments?post=7321"}],"version-history":[{"count":0,"href":"https:\/\/www.portalalerta.com.br\/index.php\/wp-json\/wp\/v2\/posts\/7321\/revisions"}],"wp:featuredmedia":[{"embeddable":true,"href":"https:\/\/www.portalalerta.com.br\/index.php\/wp-json\/wp\/v2\/media\/3318"}],"wp:attachment":[{"href":"https:\/\/www.portalalerta.com.br\/index.php\/wp-json\/wp\/v2\/media?parent=7321"}],"wp:term":[{"taxonomy":"category","embeddable":true,"href":"https:\/\/www.portalalerta.com.br\/index.php\/wp-json\/wp\/v2\/categories?post=7321"},{"taxonomy":"post_tag","embeddable":true,"href":"https:\/\/www.portalalerta.com.br\/index.php\/wp-json\/wp\/v2\/tags?post=7321"}],"curies":[{"name":"wp","href":"https:\/\/api.w.org\/{rel}","templated":true}]}}