{"id":7325,"date":"2018-05-17T17:15:18","date_gmt":"2018-05-17T20:15:18","guid":{"rendered":"http:\/\/www.portalalerta.com.br\/?p=7325"},"modified":"2018-05-17T17:15:18","modified_gmt":"2018-05-17T20:15:18","slug":"empresario-alega-que-e-dono-dos-r-51-milhoes-atribuidos-a-geddel","status":"publish","type":"post","link":"https:\/\/www.portalalerta.com.br\/index.php\/2018\/05\/17\/empresario-alega-que-e-dono-dos-r-51-milhoes-atribuidos-a-geddel\/","title":{"rendered":"Empres\u00e1rio alega que \u00e9 dono dos R$ 51 milh\u00f5es atribu\u00eddos a Geddel"},"content":{"rendered":"<p style=\"text-align: justify;\">O empres\u00e1rio baiano Carmerino Concei\u00e7\u00e3o de Souza reclamou a propriedade dos R$ 51 milh\u00f5es achados em um bunker pela Pol\u00edcia Federal (PF) que foi atribu\u00eddo ao ex-ministro Geddel Vieira Lima.<!--more--><\/p>\n<p style=\"text-align: justify;\"><img fetchpriority=\"high\" decoding=\"async\" class=\"size-full wp-image-2902 alignleft\" src=\"http:\/\/www.portalalerta.com.br\/wp-content\/uploads\/2017\/11\/elab-2.jpg\" alt=\"\" width=\"310\" height=\"200\" srcset=\"https:\/\/www.portalalerta.com.br\/wp-content\/uploads\/2017\/11\/elab-2.jpg 310w, https:\/\/www.portalalerta.com.br\/wp-content\/uploads\/2017\/11\/elab-2-226x146.jpg 226w, https:\/\/www.portalalerta.com.br\/wp-content\/uploads\/2017\/11\/elab-2-50x32.jpg 50w, https:\/\/www.portalalerta.com.br\/wp-content\/uploads\/2017\/11\/elab-2-116x75.jpg 116w\" sizes=\"(max-width: 310px) 100vw, 310px\" \/>De acordo com a coluna Sat\u00e9lite, do jornal Correio, ele realizou diversas liga\u00e7\u00f5es di\u00e1rias para o escrit\u00f3rio do advogado de Geddel, Gamil Foppel, alegando ser o verdadeiro dono do dinheiro. O empres\u00e1rio tamb\u00e9m enviou e-mails ao advogado para declarar a posse dos valores apreendidos no ano passado, durante Opera\u00e7\u00e3o Tesouro Perdido, um dos desdobramentos da Opera\u00e7\u00e3o Lava Jato. Ainda segundo a coluna, o epis\u00f3dio consta na peti\u00e7\u00e3o encaminhada na ter\u00e7a-feira (15) ao superintendente da PF na Bahia, Daniel Justo Madruga. Nela, o criminalista detalha os contatos feitos pelo empres\u00e1rio de \u201cforma insistente\u201d.<\/p>\n<p style=\"text-align: justify;\">O advogado informa na peti\u00e7\u00e3o que havia orientado todos os seus funcion\u00e1rios a direcionar o empres\u00e1rio \u00c0 PF, para que ele declarasse a posse dos R$ 51 milh\u00f5es. \u201cMesmo ap\u00f3s essa advert\u00eancia, o referido senhor tem insistido em buscar contato com este peticion\u00e1rio (e demais advogados de seu escrit\u00f3rio), passando a proferir expressas amea\u00e7as\u201d, diz Gamil.<\/p>\n<p style=\"text-align: justify;\"><em>Fonte: Bahia Not\u00edcias<\/em><\/p>\n","protected":false},"excerpt":{"rendered":"<p>O empres\u00e1rio baiano Carmerino Concei\u00e7\u00e3o de Souza reclamou a propriedade dos R$ 51 milh\u00f5es achados em um bunker pela Pol\u00edcia Federal (PF) que foi atribu\u00eddo ao ex-ministro Geddel Vieira Lima.<\/p>\n","protected":false},"author":2,"featured_media":4483,"comment_status":"closed","ping_status":"open","sticky":false,"template":"","format":"standard","meta":{"om_disable_all_campaigns":false,"_monsterinsights_skip_tracking":false,"_monsterinsights_sitenote_active":false,"_monsterinsights_sitenote_note":"","_monsterinsights_sitenote_category":0,"footnotes":""},"categories":[33,34,70,69,21],"tags":[490,1046,1093,1092,542],"class_list":["post-7325","post","type-post","status-publish","format-standard","has-post-thumbnail","hentry","category-bahia","category-brasil","category-destaques","category-noticias2","category-politica","tag-advogado","tag-bunker","tag-dinheiro","tag-empresario","tag-geddel"],"aioseo_notices":[],"_links":{"self":[{"href":"https:\/\/www.portalalerta.com.br\/index.php\/wp-json\/wp\/v2\/posts\/7325","targetHints":{"allow":["GET"]}}],"collection":[{"href":"https:\/\/www.portalalerta.com.br\/index.php\/wp-json\/wp\/v2\/posts"}],"about":[{"href":"https:\/\/www.portalalerta.com.br\/index.php\/wp-json\/wp\/v2\/types\/post"}],"author":[{"embeddable":true,"href":"https:\/\/www.portalalerta.com.br\/index.php\/wp-json\/wp\/v2\/users\/2"}],"replies":[{"embeddable":true,"href":"https:\/\/www.portalalerta.com.br\/index.php\/wp-json\/wp\/v2\/comments?post=7325"}],"version-history":[{"count":0,"href":"https:\/\/www.portalalerta.com.br\/index.php\/wp-json\/wp\/v2\/posts\/7325\/revisions"}],"wp:featuredmedia":[{"embeddable":true,"href":"https:\/\/www.portalalerta.com.br\/index.php\/wp-json\/wp\/v2\/media\/4483"}],"wp:attachment":[{"href":"https:\/\/www.portalalerta.com.br\/index.php\/wp-json\/wp\/v2\/media?parent=7325"}],"wp:term":[{"taxonomy":"category","embeddable":true,"href":"https:\/\/www.portalalerta.com.br\/index.php\/wp-json\/wp\/v2\/categories?post=7325"},{"taxonomy":"post_tag","embeddable":true,"href":"https:\/\/www.portalalerta.com.br\/index.php\/wp-json\/wp\/v2\/tags?post=7325"}],"curies":[{"name":"wp","href":"https:\/\/api.w.org\/{rel}","templated":true}]}}