{"id":7327,"date":"2018-05-17T17:22:20","date_gmt":"2018-05-17T20:22:20","guid":{"rendered":"http:\/\/www.portalalerta.com.br\/?p=7327"},"modified":"2018-05-17T17:22:20","modified_gmt":"2018-05-17T20:22:20","slug":"etica-e-cidadania-escolas-municipais-de-ribeira-do-pombal-terao-novo-componente","status":"publish","type":"post","link":"https:\/\/www.portalalerta.com.br\/index.php\/2018\/05\/17\/etica-e-cidadania-escolas-municipais-de-ribeira-do-pombal-terao-novo-componente\/","title":{"rendered":"\u00c9tica e Cidadania: Escolas municipais de Ribeira do Pombal ter\u00e3o novo Componente"},"content":{"rendered":"<p style=\"text-align: justify;\">Com o objetivo de aprofundar a\u00e7\u00f5es educativas que contribuam para a forma\u00e7\u00e3o \u00e9tica e cidad\u00e3 e fortalecer o protagonismo juvenil na constru\u00e7\u00e3o de valores, de conhecimentos pessoais, sociais e pol\u00edticos, visando \u00e0 cidadania, a Secretaria Municipal de Educa\u00e7\u00e3o promoveu na tarde da \u00faltima quarta-feira, 16, a primeira forma\u00e7\u00e3o para os professores de \u00c9tica e Cidadania.<!--more--><\/p>\n<p style=\"text-align: justify;\"><img fetchpriority=\"high\" decoding=\"async\" class=\"size-thumbnail wp-image-4869 aligncenter\" src=\"http:\/\/www.portalalerta.com.br\/wp-content\/uploads\/2018\/02\/Auto-Escola-Nobre-720x181.jpg\" alt=\"\" width=\"720\" height=\"181\" srcset=\"https:\/\/www.portalalerta.com.br\/wp-content\/uploads\/2018\/02\/Auto-Escola-Nobre.jpg 720w, https:\/\/www.portalalerta.com.br\/wp-content\/uploads\/2018\/02\/Auto-Escola-Nobre-260x65.jpg 260w, https:\/\/www.portalalerta.com.br\/wp-content\/uploads\/2018\/02\/Auto-Escola-Nobre-50x13.jpg 50w, https:\/\/www.portalalerta.com.br\/wp-content\/uploads\/2018\/02\/Auto-Escola-Nobre-150x38.jpg 150w\" sizes=\"(max-width: 720px) 100vw, 720px\" \/>A mudan\u00e7a ocorrida na Matriz Curricular, na sua parte diversificada do Ensino Fundamental do 6\u00ba ao 9\u00ba ano, apresenta como proposta um trabalho pautado nos eixos de inclus\u00e3o social, conviv\u00eancia democr\u00e1tica, direitos humanos, \u00e9tica, cidadania e outros essenciais para a comunidade escolar e local.<\/p>\n<p style=\"text-align: justify;\">Os vinte e sete professores de \u00c9tica e Cidadania e os coordenadores pedag\u00f3gicos participar\u00e3o durante o ano de outros momentos coletivos, a fim de consolidar uma proposta pedag\u00f3gica que possa se constituir com a intencionalidade necess\u00e1ria \u00e0 forma\u00e7\u00e3o de jovens que possam participar da vida social de forma mais cr\u00edtica, din\u00e2mica e aut\u00f4noma. O secret\u00e1rio Roberto Alc\u00e2ntara (Bebeto), falou sobre a iniciativa, em sua opini\u00e3o \u201co ganho deste trabalho ir\u00e1 al\u00e9m dos muros da escola. Discutir \u00c9tica e Cidadania nas nossas salas de aula \u00e9 urgente e necess\u00e1rio. Todos n\u00f3s ganhamos\u201d, disse.<\/p>\n<p style=\"text-align: justify;\"><em>Fonte: SECOM\/ Ribeira do Pombal<\/em><\/p>\n","protected":false},"excerpt":{"rendered":"<p>Com o objetivo de aprofundar a\u00e7\u00f5es educativas que contribuam para a forma\u00e7\u00e3o \u00e9tica e cidad\u00e3 e fortalecer o protagonismo juvenil na constru\u00e7\u00e3o de valores, de conhecimentos pessoais, sociais e pol\u00edticos, visando \u00e0 cidadania, a Secretaria Municipal de Educa\u00e7\u00e3o promoveu na tarde da \u00faltima quarta-feira, 16, a primeira forma\u00e7\u00e3o para os professores de \u00c9tica e Cidadania.<\/p>\n","protected":false},"author":2,"featured_media":7328,"comment_status":"closed","ping_status":"open","sticky":false,"template":"","format":"standard","meta":{"om_disable_all_campaigns":false,"_monsterinsights_skip_tracking":false,"_monsterinsights_sitenote_active":false,"_monsterinsights_sitenote_note":"","_monsterinsights_sitenote_category":0,"footnotes":""},"categories":[70,20,69,32,3],"tags":[140,47,212],"class_list":["post-7327","post","type-post","status-publish","format-standard","has-post-thumbnail","hentry","category-destaques","category-educacao","category-noticias2","category-regiao","category-ribeira-do-pombal","tag-educacao","tag-ribeira-do-pombal","tag-secretaria-de-educacao"],"aioseo_notices":[],"_links":{"self":[{"href":"https:\/\/www.portalalerta.com.br\/index.php\/wp-json\/wp\/v2\/posts\/7327","targetHints":{"allow":["GET"]}}],"collection":[{"href":"https:\/\/www.portalalerta.com.br\/index.php\/wp-json\/wp\/v2\/posts"}],"about":[{"href":"https:\/\/www.portalalerta.com.br\/index.php\/wp-json\/wp\/v2\/types\/post"}],"author":[{"embeddable":true,"href":"https:\/\/www.portalalerta.com.br\/index.php\/wp-json\/wp\/v2\/users\/2"}],"replies":[{"embeddable":true,"href":"https:\/\/www.portalalerta.com.br\/index.php\/wp-json\/wp\/v2\/comments?post=7327"}],"version-history":[{"count":0,"href":"https:\/\/www.portalalerta.com.br\/index.php\/wp-json\/wp\/v2\/posts\/7327\/revisions"}],"wp:featuredmedia":[{"embeddable":true,"href":"https:\/\/www.portalalerta.com.br\/index.php\/wp-json\/wp\/v2\/media\/7328"}],"wp:attachment":[{"href":"https:\/\/www.portalalerta.com.br\/index.php\/wp-json\/wp\/v2\/media?parent=7327"}],"wp:term":[{"taxonomy":"category","embeddable":true,"href":"https:\/\/www.portalalerta.com.br\/index.php\/wp-json\/wp\/v2\/categories?post=7327"},{"taxonomy":"post_tag","embeddable":true,"href":"https:\/\/www.portalalerta.com.br\/index.php\/wp-json\/wp\/v2\/tags?post=7327"}],"curies":[{"name":"wp","href":"https:\/\/api.w.org\/{rel}","templated":true}]}}