{"id":7330,"date":"2018-05-18T00:00:26","date_gmt":"2018-05-18T03:00:26","guid":{"rendered":"http:\/\/www.portalalerta.com.br\/?p=7330"},"modified":"2018-05-18T00:00:26","modified_gmt":"2018-05-18T03:00:26","slug":"endereco-de-vereador-em-salvador-e-alvo-de-operacao-contra-pedofilia","status":"publish","type":"post","link":"https:\/\/www.portalalerta.com.br\/index.php\/2018\/05\/18\/endereco-de-vereador-em-salvador-e-alvo-de-operacao-contra-pedofilia\/","title":{"rendered":"Endere\u00e7o de vereador em Salvador \u00e9 alvo de opera\u00e7\u00e3o contra pedofilia"},"content":{"rendered":"<p style=\"text-align: justify;\">Um vereador de Salvador est\u00e1 entre os alvos na opera\u00e7\u00e3o deflagrada na manh\u00e3 desta quinta-feira (17) pelas pol\u00edcias Federal, Civil e Militar da Bahia no combate \u00e0 pedofilia. A a\u00e7\u00e3o foi liderada pelo Minist\u00e9rio Extraordin\u00e1rio da Seguran\u00e7a P\u00fablica.<!--more--><\/p>\n<p style=\"text-align: justify;\">De acordo com informa\u00e7\u00f5es, o legislador soteropolitano foi alvo de mandado de busca e apreens\u00e3o no im\u00f3vel em que residia no bairro do Imbu\u00ed. Ele n\u00e3o foi encontrado em casa pelos agentes da opera\u00e7\u00e3o e a tese \u00e9 de que ele n\u00e3o mora mais no local, que estava vazio. A pol\u00edcia chegou ao endere\u00e7o ap\u00f3s rastrear acessos por um computador que estaria no im\u00f3vel. No entanto, a pol\u00edcia investiga se os acessos foram feitos pelo vereador, pois h\u00e1 a possibilidade de a rede de internet sem fio do im\u00f3vel ter sido utilizada por terceiros para a pr\u00e1tica criminosa.<\/p>\n<p style=\"text-align: justify;\"><img fetchpriority=\"high\" decoding=\"async\" class=\"size-full wp-image-2867 aligncenter\" src=\"http:\/\/www.portalalerta.com.br\/wp-content\/uploads\/2017\/11\/protege-1.jpg\" alt=\"\" width=\"600\" height=\"140\" \/>Batizada de Opera\u00e7\u00e3o Luz na Inf\u00e2ncia 2, a for\u00e7a-tarefa \u00e9 considerada uma das maiores a\u00e7\u00f5es do mundo de combate \u00e0 pedofilia. Na Bahia, foram cumpridos 26 mandados de busca e apreens\u00e3o em Salvador, Cama\u00e7ari, Feira de Santana, Po\u00e7\u00f5es, Camac\u00e3, Ilh\u00e9us, Itagimirim e na Ilha de Itaparica.<\/p>\n<p style=\"text-align: justify;\">Suspeitos tamb\u00e9m foram detidos em flagrante. As equipes procuraram arquivos com conte\u00fados relacionados a crimes de explora\u00e7\u00e3o sexual contra crian\u00e7as e adolescentes. A for\u00e7a-tarefa foi coordenada pelo Minist\u00e9rio Extraordin\u00e1rio da Seguran\u00e7a P\u00fablica (MESP) e ocorreu desde as primeiras horas da manh\u00e3, num total de 24 estados, al\u00e9m do Distrito Federal.<\/p>\n<p style=\"text-align: justify;\"><em>Fonte: Boc\u00e3o News <\/em><\/p>\n","protected":false},"excerpt":{"rendered":"<p>Um vereador de Salvador est\u00e1 entre os alvos na opera\u00e7\u00e3o deflagrada na manh\u00e3 desta quinta-feira (17) pelas pol\u00edcias Federal, Civil e Militar da Bahia no combate \u00e0 pedofilia. A a\u00e7\u00e3o foi liderada pelo Minist\u00e9rio Extraordin\u00e1rio da Seguran\u00e7a P\u00fablica.<\/p>\n","protected":false},"author":2,"featured_media":7331,"comment_status":"closed","ping_status":"open","sticky":false,"template":"","format":"standard","meta":{"om_disable_all_campaigns":false,"_monsterinsights_skip_tracking":false,"_monsterinsights_sitenote_active":false,"_monsterinsights_sitenote_note":"","_monsterinsights_sitenote_category":0,"footnotes":""},"categories":[33,34,70,69,21],"tags":[54,93,161,1094,726,122,173,79],"class_list":["post-7330","post","type-post","status-publish","format-standard","has-post-thumbnail","hentry","category-bahia","category-brasil","category-destaques","category-noticias2","category-politica","tag-bahia","tag-brasil","tag-operacao-conjunta","tag-operacao-luz-na-infancia-2","tag-pedofilia","tag-policia-civil","tag-policia-federal","tag-policia-militar"],"aioseo_notices":[],"_links":{"self":[{"href":"https:\/\/www.portalalerta.com.br\/index.php\/wp-json\/wp\/v2\/posts\/7330","targetHints":{"allow":["GET"]}}],"collection":[{"href":"https:\/\/www.portalalerta.com.br\/index.php\/wp-json\/wp\/v2\/posts"}],"about":[{"href":"https:\/\/www.portalalerta.com.br\/index.php\/wp-json\/wp\/v2\/types\/post"}],"author":[{"embeddable":true,"href":"https:\/\/www.portalalerta.com.br\/index.php\/wp-json\/wp\/v2\/users\/2"}],"replies":[{"embeddable":true,"href":"https:\/\/www.portalalerta.com.br\/index.php\/wp-json\/wp\/v2\/comments?post=7330"}],"version-history":[{"count":0,"href":"https:\/\/www.portalalerta.com.br\/index.php\/wp-json\/wp\/v2\/posts\/7330\/revisions"}],"wp:featuredmedia":[{"embeddable":true,"href":"https:\/\/www.portalalerta.com.br\/index.php\/wp-json\/wp\/v2\/media\/7331"}],"wp:attachment":[{"href":"https:\/\/www.portalalerta.com.br\/index.php\/wp-json\/wp\/v2\/media?parent=7330"}],"wp:term":[{"taxonomy":"category","embeddable":true,"href":"https:\/\/www.portalalerta.com.br\/index.php\/wp-json\/wp\/v2\/categories?post=7330"},{"taxonomy":"post_tag","embeddable":true,"href":"https:\/\/www.portalalerta.com.br\/index.php\/wp-json\/wp\/v2\/tags?post=7330"}],"curies":[{"name":"wp","href":"https:\/\/api.w.org\/{rel}","templated":true}]}}