{"id":7339,"date":"2018-05-18T11:38:32","date_gmt":"2018-05-18T14:38:32","guid":{"rendered":"http:\/\/www.portalalerta.com.br\/?p=7339"},"modified":"2018-05-18T11:38:32","modified_gmt":"2018-05-18T14:38:32","slug":"gasolina-sofreu-12-aumentos-em-menos-de-20-dias","status":"publish","type":"post","link":"https:\/\/www.portalalerta.com.br\/index.php\/2018\/05\/18\/gasolina-sofreu-12-aumentos-em-menos-de-20-dias\/","title":{"rendered":"Gasolina sofreu 12 aumentos em menos de 20 dias"},"content":{"rendered":"<p style=\"text-align: justify;\">A Petrobras reajustou mais uma vez o pre\u00e7o dos combust\u00edveis. Dessa vez, o aumento foi de 1,80% no pre\u00e7o da gasolina e 0,95% no valor diesel. J\u00e1 s\u00e3o 12 aumentos em menos de 20 dias.<!--more--><\/p>\n<p style=\"text-align: justify;\">Com tantos reajustes consecutivos, alguns postos da capital j\u00e1 apresentam queda de 50% no faturamento por falta de clientela.\u00a0A capital baiana possui em torno de 250 postos de combust\u00edveis, mas, de acordo com o presidente do Sindicombust\u00edveis Bahia, Walter Tannus, o n\u00famero\u00a0est\u00e1 caindo significativamente.<\/p>\n<p style=\"text-align: justify;\">\u201cO pre\u00e7o da gasolina est\u00e1 indo para um patamar em que dificilmente o consumidor ter\u00e1 condi\u00e7\u00f5es de arcar o custo.\u00a0Essa pol\u00edtica perversa tem agravado a crise econ\u00f4mica e prejudicado a popula\u00e7\u00e3o e os empres\u00e1rios. Muitos postos est\u00e3o perdendo f\u00f4lego financeiro e com dificuldade de sobreviver\u201d, afirma.<\/p>\n<p style=\"text-align: justify;\"><img fetchpriority=\"high\" decoding=\"async\" class=\"size-thumbnail wp-image-4869 aligncenter\" src=\"http:\/\/www.portalalerta.com.br\/wp-content\/uploads\/2018\/02\/Auto-Escola-Nobre-720x181.jpg\" alt=\"\" width=\"720\" height=\"181\" srcset=\"https:\/\/www.portalalerta.com.br\/wp-content\/uploads\/2018\/02\/Auto-Escola-Nobre.jpg 720w, https:\/\/www.portalalerta.com.br\/wp-content\/uploads\/2018\/02\/Auto-Escola-Nobre-260x65.jpg 260w, https:\/\/www.portalalerta.com.br\/wp-content\/uploads\/2018\/02\/Auto-Escola-Nobre-50x13.jpg 50w, https:\/\/www.portalalerta.com.br\/wp-content\/uploads\/2018\/02\/Auto-Escola-Nobre-150x38.jpg 150w\" sizes=\"(max-width: 720px) 100vw, 720px\" \/>De acordo com a Tribuna da Bahia,\u00a0a rede de postos Mataripe\u00a0est\u00e1 penando com a crise.\u00a0Dos sete postos da rede existentes\u00a0em Salvador, quase todos est\u00e3o sem gasolina para ofertar.<\/p>\n<p style=\"text-align: justify;\">\u201cMuitos donos de postos est\u00e3o hoje sem produto, porque n\u00e3o consegue repor seu capital de giro. Pede o produto hoje em um pre\u00e7o, mas n\u00e3o sabe o pre\u00e7o que vai receber amanh\u00e3. A Petrobras diz que \u00e9 empresa do brasileiro, mas est\u00e1 trabalhando para ela. N\u00e3o consigo ver uma melhora enquanto n\u00e3o mudar essa pol\u00edtica de pre\u00e7o\u201d, critica Tannus.<\/p>\n<p style=\"text-align: justify;\">Al\u00e9m da pol\u00edtica de pre\u00e7os da Petrobras,\u00a0a \u201celevada carga tribut\u00e1ria que corresponde a 50% dos custos dos combust\u00edveis\u201d tamb\u00e9m \u00e9 alvo de cr\u00edtica\u00a0feita pelo sindicato.<\/p>\n<p style=\"text-align: justify;\">Para discutir sobre a situa\u00e7\u00e3o do mercado de combust\u00edveis na Bahia e no Brasil, ser\u00e1 realizado um painel na pr\u00f3xima quinta-feira (24), na Casa do Com\u00e9rcio, a partir das 14h.<\/p>\n<p style=\"text-align: justify;\">O evento vai reunir representantes da Secretaria da Fazenda da Bahia (Sefaz-BA), do Minist\u00e9rio P\u00fablico da Bahia (MP-BA), da Ag\u00eancia Nacional do Petr\u00f3leo, G\u00e1s Natural e Biocombust\u00edveis (ANP), do Ibametro, da Ordem dos Advogados do Brasil \u2013 Se\u00e7\u00e3o Bahia(OAB-BA),\u00a0do Procon, do Legislativo estadual e municipal, al\u00e9m de entidades empresariais.<\/p>\n<p style=\"text-align: justify;\"><em>Fonte: Canabrava FM<\/em><\/p>\n<p style=\"text-align: justify;\"><em>Com informa\u00e7\u00f5es: Bahia.Ba <\/em><\/p>\n","protected":false},"excerpt":{"rendered":"<p>A Petrobras reajustou mais uma vez o pre\u00e7o dos combust\u00edveis. Dessa vez, o aumento foi de 1,80% no pre\u00e7o da gasolina e 0,95% no valor diesel. J\u00e1 s\u00e3o 12 aumentos em menos de 20 dias.<\/p>\n","protected":false},"author":2,"featured_media":3878,"comment_status":"closed","ping_status":"open","sticky":false,"template":"","format":"standard","meta":{"om_disable_all_campaigns":false,"_monsterinsights_skip_tracking":false,"_monsterinsights_sitenote_active":false,"_monsterinsights_sitenote_note":"","_monsterinsights_sitenote_category":0,"footnotes":""},"categories":[34,70,69],"tags":[93,273,329,401],"class_list":["post-7339","post","type-post","status-publish","format-standard","has-post-thumbnail","hentry","category-brasil","category-destaques","category-noticias2","tag-brasil","tag-combustivel","tag-petrobras","tag-reajuste-de-precos"],"aioseo_notices":[],"_links":{"self":[{"href":"https:\/\/www.portalalerta.com.br\/index.php\/wp-json\/wp\/v2\/posts\/7339","targetHints":{"allow":["GET"]}}],"collection":[{"href":"https:\/\/www.portalalerta.com.br\/index.php\/wp-json\/wp\/v2\/posts"}],"about":[{"href":"https:\/\/www.portalalerta.com.br\/index.php\/wp-json\/wp\/v2\/types\/post"}],"author":[{"embeddable":true,"href":"https:\/\/www.portalalerta.com.br\/index.php\/wp-json\/wp\/v2\/users\/2"}],"replies":[{"embeddable":true,"href":"https:\/\/www.portalalerta.com.br\/index.php\/wp-json\/wp\/v2\/comments?post=7339"}],"version-history":[{"count":0,"href":"https:\/\/www.portalalerta.com.br\/index.php\/wp-json\/wp\/v2\/posts\/7339\/revisions"}],"wp:featuredmedia":[{"embeddable":true,"href":"https:\/\/www.portalalerta.com.br\/index.php\/wp-json\/wp\/v2\/media\/3878"}],"wp:attachment":[{"href":"https:\/\/www.portalalerta.com.br\/index.php\/wp-json\/wp\/v2\/media?parent=7339"}],"wp:term":[{"taxonomy":"category","embeddable":true,"href":"https:\/\/www.portalalerta.com.br\/index.php\/wp-json\/wp\/v2\/categories?post=7339"},{"taxonomy":"post_tag","embeddable":true,"href":"https:\/\/www.portalalerta.com.br\/index.php\/wp-json\/wp\/v2\/tags?post=7339"}],"curies":[{"name":"wp","href":"https:\/\/api.w.org\/{rel}","templated":true}]}}