{"id":7341,"date":"2018-05-18T11:47:20","date_gmt":"2018-05-18T14:47:20","guid":{"rendered":"http:\/\/www.portalalerta.com.br\/?p=7341"},"modified":"2018-05-18T11:47:20","modified_gmt":"2018-05-18T14:47:20","slug":"pombalense-anuncia-pre-candidatura-a-deputado-federal","status":"publish","type":"post","link":"https:\/\/www.portalalerta.com.br\/index.php\/2018\/05\/18\/pombalense-anuncia-pre-candidatura-a-deputado-federal\/","title":{"rendered":"Pombalense anuncia pr\u00e9-candidatura a Deputado Federal"},"content":{"rendered":"<p style=\"text-align: justify;\">Ribeira do Pombal vai ter um candidato a deputado federal. Em entrevista concedida ao blog de Joilson Costa, o comerciante, propriet\u00e1rio da Loja A Brasileira, Procurador Jur\u00eddico do Estado da Bahia, e advogado, Dr. Jo\u00e3o Edson Santana Souza, confirmou sua pr\u00e9 candidatura a deputado federal pelo PHS.<!--more--><\/p>\n<p style=\"text-align: justify;\">Com articula\u00e7\u00f5es em associa\u00e7\u00f5es empresariais, reuni\u00f5es no meio jur\u00eddico e militar, o nome de Jo\u00e3o Edson est\u00e1 sendo bem aceito entre \u00e0queles, que devido \u00e0 situa\u00e7\u00e3o de descren\u00e7a nos pol\u00edticos atuais, n\u00e3o queriam ir mais as urnas votar.<\/p>\n<p style=\"text-align: justify;\"><img fetchpriority=\"high\" decoding=\"async\" class=\"size-full wp-image-2867 aligncenter\" src=\"http:\/\/www.portalalerta.com.br\/wp-content\/uploads\/2017\/11\/protege-1.jpg\" alt=\"\" width=\"600\" height=\"140\" \/>\u201cAs mensagens de apoio que estou recebendo, me encoraja \u00e1 levar em frente esta candidatura e a certeza que serei vitorioso. Estamos s\u00f3 no inicio da jornada, que come\u00e7ou bem pequena, mais, reconhe\u00e7o, que tomou uma propor\u00e7\u00e3o que n\u00e3o imaginava que chegaria t\u00e3o rapidamente\u201d diz o pr\u00e9 candidato Jo\u00e3o Edson.<\/p>\n<p style=\"text-align: justify;\">Advogado, Graduado em Direito pela UCSAL em 1985, P\u00f3s Graduado em Direito Civil na FMU, S\u00e3o Paulo, em 1989, Conselheiro Titular da OAB- Bahia, tri\u00eanio 2013\/2015, Ouvidor, de 2004\/2016, Presidente da Comiss\u00e3o de Meio Ambiente, Direito do Consumidor, Idoso, Mulheres, Crian\u00e7a e Adolescente, de 2004\/2016, Procurador Jur\u00eddico do Estado da Bahia.<\/p>\n<p style=\"text-align: justify;\"><em>Fonte: Joilson Costa<\/em><\/p>\n","protected":false},"excerpt":{"rendered":"<p>Ribeira do Pombal vai ter um candidato a deputado federal. Em entrevista concedida ao blog de Joilson Costa, o comerciante, propriet\u00e1rio da Loja A Brasileira, Procurador Jur\u00eddico do Estado da Bahia, e advogado, Dr. Jo\u00e3o Edson Santana Souza, confirmou sua pr\u00e9 candidatura a deputado federal pelo PHS.<\/p>\n","protected":false},"author":2,"featured_media":7342,"comment_status":"closed","ping_status":"open","sticky":false,"template":"","format":"standard","meta":{"om_disable_all_campaigns":false,"_monsterinsights_skip_tracking":false,"_monsterinsights_sitenote_active":false,"_monsterinsights_sitenote_note":"","_monsterinsights_sitenote_category":0,"footnotes":""},"categories":[70,69,21,32,3],"tags":[124,215,381,889,47],"class_list":["post-7341","post","type-post","status-publish","format-standard","has-post-thumbnail","hentry","category-destaques","category-noticias2","category-politica","category-regiao","category-ribeira-do-pombal","tag-124","tag-deputado-federal","tag-eleicoes","tag-pre-candidatos","tag-ribeira-do-pombal"],"aioseo_notices":[],"_links":{"self":[{"href":"https:\/\/www.portalalerta.com.br\/index.php\/wp-json\/wp\/v2\/posts\/7341","targetHints":{"allow":["GET"]}}],"collection":[{"href":"https:\/\/www.portalalerta.com.br\/index.php\/wp-json\/wp\/v2\/posts"}],"about":[{"href":"https:\/\/www.portalalerta.com.br\/index.php\/wp-json\/wp\/v2\/types\/post"}],"author":[{"embeddable":true,"href":"https:\/\/www.portalalerta.com.br\/index.php\/wp-json\/wp\/v2\/users\/2"}],"replies":[{"embeddable":true,"href":"https:\/\/www.portalalerta.com.br\/index.php\/wp-json\/wp\/v2\/comments?post=7341"}],"version-history":[{"count":0,"href":"https:\/\/www.portalalerta.com.br\/index.php\/wp-json\/wp\/v2\/posts\/7341\/revisions"}],"wp:featuredmedia":[{"embeddable":true,"href":"https:\/\/www.portalalerta.com.br\/index.php\/wp-json\/wp\/v2\/media\/7342"}],"wp:attachment":[{"href":"https:\/\/www.portalalerta.com.br\/index.php\/wp-json\/wp\/v2\/media?parent=7341"}],"wp:term":[{"taxonomy":"category","embeddable":true,"href":"https:\/\/www.portalalerta.com.br\/index.php\/wp-json\/wp\/v2\/categories?post=7341"},{"taxonomy":"post_tag","embeddable":true,"href":"https:\/\/www.portalalerta.com.br\/index.php\/wp-json\/wp\/v2\/tags?post=7341"}],"curies":[{"name":"wp","href":"https:\/\/api.w.org\/{rel}","templated":true}]}}