{"id":7344,"date":"2018-05-18T11:57:33","date_gmt":"2018-05-18T14:57:33","guid":{"rendered":"http:\/\/www.portalalerta.com.br\/?p=7344"},"modified":"2018-05-18T11:57:33","modified_gmt":"2018-05-18T14:57:33","slug":"bunker-geddel-desconhece-empresario-que-se-diz-dono-dos-r-51-milhoes","status":"publish","type":"post","link":"https:\/\/www.portalalerta.com.br\/index.php\/2018\/05\/18\/bunker-geddel-desconhece-empresario-que-se-diz-dono-dos-r-51-milhoes\/","title":{"rendered":"Bunker: Geddel desconhece empres\u00e1rio que se diz dono dos R$ 51 milh\u00f5es"},"content":{"rendered":"<p style=\"text-align: justify;\">A defesa do ex-ministro Geddel Vieira Lima afirma que o cliente n\u00e3o conhece o empres\u00e1rio Carmerino Concei\u00e7\u00e3o de Souza, propriet\u00e1rio do Grupo Polocal, que se diz\u00a0dono\u00a0dos R$ 51 milh\u00f5es encontrados pela Pol\u00edcia Federal (PF) em um apartamento no bairro da Gra\u00e7a, em Salvador, no ano passado.<!--more--><\/p>\n<p style=\"text-align: justify;\"><img decoding=\"async\" class=\"size-full wp-image-2814 alignleft\" src=\"http:\/\/www.portalalerta.com.br\/wp-content\/uploads\/2017\/11\/banner9.png\" alt=\"\" width=\"270\" height=\"174\" srcset=\"https:\/\/www.portalalerta.com.br\/wp-content\/uploads\/2017\/11\/banner9.png 270w, https:\/\/www.portalalerta.com.br\/wp-content\/uploads\/2017\/11\/banner9-227x146.png 227w, https:\/\/www.portalalerta.com.br\/wp-content\/uploads\/2017\/11\/banner9-50x32.png 50w, https:\/\/www.portalalerta.com.br\/wp-content\/uploads\/2017\/11\/banner9-116x75.png 116w\" sizes=\"(max-width: 270px) 100vw, 270px\" \/>O criminalista, Gamil F\u00f6ppel, disse \u00e0 coluna Sat\u00e9lite, do jornal Correio, que Geddel \u201cn\u00e3o conhece e jamais manteve contato\u201d com Carmerino, que atua nos segmentos de ve\u00edculos usados, tecidos e intermedia\u00e7\u00e3o de m\u00e3o de obra em Cama\u00e7ari, Salvador, Bras\u00edlia e Goi\u00e2nia.<\/p>\n<p style=\"text-align: justify;\">Em peti\u00e7\u00e3o apresentada \u00e0 PF, F\u00f6ppel narrou que orientou o empres\u00e1rio a procurar a corpora\u00e7\u00e3o, mas ele insistiu em manter o contato com o escrit\u00f3rio.<\/p>\n<p style=\"text-align: justify;\"><em>Fonte: Canabrava FM<\/em><\/p>\n<p style=\"text-align: justify;\"><em>Com informa\u00e7\u00f5es: Bahia.Ba<\/em><\/p>\n","protected":false},"excerpt":{"rendered":"<p>A defesa do ex-ministro Geddel Vieira Lima afirma que o cliente n\u00e3o conhece o empres\u00e1rio Carmerino Concei\u00e7\u00e3o de Souza, propriet\u00e1rio do Grupo Polocal, que se diz\u00a0dono\u00a0dos R$ 51 milh\u00f5es encontrados pela Pol\u00edcia Federal (PF) em um apartamento no bairro da Gra\u00e7a, em Salvador, no ano passado.<\/p>\n","protected":false},"author":2,"featured_media":7345,"comment_status":"closed","ping_status":"open","sticky":false,"template":"","format":"standard","meta":{"om_disable_all_campaigns":false,"_monsterinsights_skip_tracking":false,"_monsterinsights_sitenote_active":false,"_monsterinsights_sitenote_note":"","_monsterinsights_sitenote_category":0,"footnotes":""},"categories":[33,34,70,69,21],"tags":[54,93,1046,542],"class_list":["post-7344","post","type-post","status-publish","format-standard","has-post-thumbnail","hentry","category-bahia","category-brasil","category-destaques","category-noticias2","category-politica","tag-bahia","tag-brasil","tag-bunker","tag-geddel"],"aioseo_notices":[],"_links":{"self":[{"href":"https:\/\/www.portalalerta.com.br\/index.php\/wp-json\/wp\/v2\/posts\/7344","targetHints":{"allow":["GET"]}}],"collection":[{"href":"https:\/\/www.portalalerta.com.br\/index.php\/wp-json\/wp\/v2\/posts"}],"about":[{"href":"https:\/\/www.portalalerta.com.br\/index.php\/wp-json\/wp\/v2\/types\/post"}],"author":[{"embeddable":true,"href":"https:\/\/www.portalalerta.com.br\/index.php\/wp-json\/wp\/v2\/users\/2"}],"replies":[{"embeddable":true,"href":"https:\/\/www.portalalerta.com.br\/index.php\/wp-json\/wp\/v2\/comments?post=7344"}],"version-history":[{"count":0,"href":"https:\/\/www.portalalerta.com.br\/index.php\/wp-json\/wp\/v2\/posts\/7344\/revisions"}],"wp:featuredmedia":[{"embeddable":true,"href":"https:\/\/www.portalalerta.com.br\/index.php\/wp-json\/wp\/v2\/media\/7345"}],"wp:attachment":[{"href":"https:\/\/www.portalalerta.com.br\/index.php\/wp-json\/wp\/v2\/media?parent=7344"}],"wp:term":[{"taxonomy":"category","embeddable":true,"href":"https:\/\/www.portalalerta.com.br\/index.php\/wp-json\/wp\/v2\/categories?post=7344"},{"taxonomy":"post_tag","embeddable":true,"href":"https:\/\/www.portalalerta.com.br\/index.php\/wp-json\/wp\/v2\/tags?post=7344"}],"curies":[{"name":"wp","href":"https:\/\/api.w.org\/{rel}","templated":true}]}}