{"id":7347,"date":"2018-05-18T12:09:26","date_gmt":"2018-05-18T15:09:26","guid":{"rendered":"http:\/\/www.portalalerta.com.br\/?p=7347"},"modified":"2018-05-18T12:09:26","modified_gmt":"2018-05-18T15:09:26","slug":"ribeira-do-pombal-ba-promove-campanha-faca-bonito-proteja-nossas-criancas-e-adolescentes","status":"publish","type":"post","link":"https:\/\/www.portalalerta.com.br\/index.php\/2018\/05\/18\/ribeira-do-pombal-ba-promove-campanha-faca-bonito-proteja-nossas-criancas-e-adolescentes\/","title":{"rendered":"Ribeira do Pombal-BA promove campanha \u201cFa\u00e7a Bonito \u2013 Proteja Nossas Crian\u00e7as e Adolescentes\u201d"},"content":{"rendered":"<p style=\"text-align: justify;\">Nessa sexta-feira, 18, a Prefeitura de Ribeira do Pombal promove novamente a Campanha de Enfrentamento \u00e0 Viol\u00eancia Sexual de Crian\u00e7as e Adolescentes, denominada nacionalmente como \u201cFa\u00e7a Bonito \u2013 Proteja Nossas Crian\u00e7as e Adolescentes\u201d. A a\u00e7\u00e3o \u00e9 realizada todo ano atrav\u00e9s da Secretaria Municipal de Assist\u00eancia Social, tem como objetivo \u201cinformar, sensibilizar e mobilizar a popula\u00e7\u00e3o para o combate a este tipo de viol\u00eancia\u201d, e pretende alcan\u00e7ar toda a sociedade, inclusive as escolas, a exemplo do ano passado quando foram realizadas visitas e palestras que surtira efeitos positivos de conscientiza\u00e7\u00e3o e at\u00e9 de denuncias.<!--more--><\/p>\n<p style=\"text-align: justify;\"><img fetchpriority=\"high\" decoding=\"async\" class=\"size-full wp-image-2902 alignleft\" src=\"http:\/\/www.portalalerta.com.br\/wp-content\/uploads\/2017\/11\/elab-2.jpg\" alt=\"\" width=\"310\" height=\"200\" srcset=\"https:\/\/www.portalalerta.com.br\/wp-content\/uploads\/2017\/11\/elab-2.jpg 310w, https:\/\/www.portalalerta.com.br\/wp-content\/uploads\/2017\/11\/elab-2-226x146.jpg 226w, https:\/\/www.portalalerta.com.br\/wp-content\/uploads\/2017\/11\/elab-2-50x32.jpg 50w, https:\/\/www.portalalerta.com.br\/wp-content\/uploads\/2017\/11\/elab-2-116x75.jpg 116w\" sizes=\"(max-width: 310px) 100vw, 310px\" \/>Para tanto, a Secretaria de Educa\u00e7\u00e3o tamb\u00e9m estar\u00e1 envolvida na campanha, atrav\u00e9s de a\u00e7\u00f5es internas, promovendo o contato do Centro de Refer\u00eancia Especializado de Assist\u00eancia Social (CREAS) com os alunos e participando das a\u00e7\u00f5es programadas pela campanha. O in\u00edcio da campanha \u00e9 no dia 18 de maio, quando \u00e9 o Dia Nacional de Combate ao Abuso e \u00e0 Explora\u00e7\u00e3o Sexual de Crian\u00e7as e Adolescentes.<\/p>\n<p style=\"text-align: justify;\">Em Ribeira do Pombal a Secretaria de Assist\u00eancia Social desenvolveu um plano de trabalho com a\u00e7\u00f5es continuadas e com a participa\u00e7\u00e3o de v\u00e1rias institui\u00e7\u00f5es locais atrav\u00e9s de a\u00e7\u00f5es educativas na Rede Municipal de ensino; distribui\u00e7\u00e3o de material da campanha (panfletos e adesivos); blitz rodovi\u00e1ria no Posto da Pol\u00edcia Rodovi\u00e1ria Federal; e Simp\u00f3sio com a participa\u00e7\u00e3o de autoridades com conhecimento sobre o tema.<\/p>\n<p style=\"text-align: justify;\"><img decoding=\"async\" class=\"aligncenter wp-image-7348 size-full\" src=\"http:\/\/www.portalalerta.com.br\/wp-content\/uploads\/2018\/05\/Fa\u00e7a-Bonito.1.jpg\" alt=\"\" width=\"550\" height=\"400\" srcset=\"https:\/\/www.portalalerta.com.br\/wp-content\/uploads\/2018\/05\/Fa\u00e7a-Bonito.1.jpg 550w, https:\/\/www.portalalerta.com.br\/wp-content\/uploads\/2018\/05\/Fa\u00e7a-Bonito.1-330x240.jpg 330w, https:\/\/www.portalalerta.com.br\/wp-content\/uploads\/2018\/05\/Fa\u00e7a-Bonito.1-201x146.jpg 201w, https:\/\/www.portalalerta.com.br\/wp-content\/uploads\/2018\/05\/Fa\u00e7a-Bonito.1-50x36.jpg 50w, https:\/\/www.portalalerta.com.br\/wp-content\/uploads\/2018\/05\/Fa\u00e7a-Bonito.1-103x75.jpg 103w\" sizes=\"(max-width: 550px) 100vw, 550px\" \/>A Secret\u00e1ria Maria Helena, fala da import\u00e2ncia de envolvimento da popula\u00e7\u00e3o que pode a denunciar os diversos tipos de viola\u00e7\u00f5es por meio do Disque Direitos Humanos \u2013 N\u00famero 100, Minist\u00e9rio P\u00fablico, Conselho Tutelar, CREAS (3276-1909) e demais \u00f3rg\u00e3os pertinentes como as pol\u00edcias Militar, Civil e Rodovi\u00e1ria Federal.<\/p>\n<p style=\"text-align: justify;\"><em>Fonte: SECOM\/ Ribeira do Pombal<\/em><\/p>\n","protected":false},"excerpt":{"rendered":"<p>Nessa sexta-feira, 18, a Prefeitura de Ribeira do Pombal promove novamente a Campanha de Enfrentamento \u00e0 Viol\u00eancia Sexual de Crian\u00e7as e Adolescentes, denominada nacionalmente como \u201cFa\u00e7a Bonito \u2013 Proteja Nossas Crian\u00e7as e Adolescentes\u201d. A a\u00e7\u00e3o \u00e9 realizada todo ano atrav\u00e9s da Secretaria Municipal de Assist\u00eancia Social, tem como objetivo \u201cinformar, sensibilizar e mobilizar a popula\u00e7\u00e3o &hellip;<\/p>\n","protected":false},"author":2,"featured_media":7349,"comment_status":"closed","ping_status":"open","sticky":false,"template":"","format":"standard","meta":{"om_disable_all_campaigns":false,"_monsterinsights_skip_tracking":false,"_monsterinsights_sitenote_active":false,"_monsterinsights_sitenote_note":"","_monsterinsights_sitenote_category":0,"footnotes":""},"categories":[70,20,69,21,32,3],"tags":[1103,1101,1099,726,47,1100,212,1102],"class_list":["post-7347","post","type-post","status-publish","format-standard","has-post-thumbnail","hentry","category-destaques","category-educacao","category-noticias2","category-politica","category-regiao","category-ribeira-do-pombal","tag-abuso-infantil","tag-campanha-faca-bonito","tag-cras","tag-pedofilia","tag-ribeira-do-pombal","tag-secretaria-de-assistencia-social","tag-secretaria-de-educacao","tag-violencia-sexual"],"aioseo_notices":[],"_links":{"self":[{"href":"https:\/\/www.portalalerta.com.br\/index.php\/wp-json\/wp\/v2\/posts\/7347","targetHints":{"allow":["GET"]}}],"collection":[{"href":"https:\/\/www.portalalerta.com.br\/index.php\/wp-json\/wp\/v2\/posts"}],"about":[{"href":"https:\/\/www.portalalerta.com.br\/index.php\/wp-json\/wp\/v2\/types\/post"}],"author":[{"embeddable":true,"href":"https:\/\/www.portalalerta.com.br\/index.php\/wp-json\/wp\/v2\/users\/2"}],"replies":[{"embeddable":true,"href":"https:\/\/www.portalalerta.com.br\/index.php\/wp-json\/wp\/v2\/comments?post=7347"}],"version-history":[{"count":0,"href":"https:\/\/www.portalalerta.com.br\/index.php\/wp-json\/wp\/v2\/posts\/7347\/revisions"}],"wp:featuredmedia":[{"embeddable":true,"href":"https:\/\/www.portalalerta.com.br\/index.php\/wp-json\/wp\/v2\/media\/7349"}],"wp:attachment":[{"href":"https:\/\/www.portalalerta.com.br\/index.php\/wp-json\/wp\/v2\/media?parent=7347"}],"wp:term":[{"taxonomy":"category","embeddable":true,"href":"https:\/\/www.portalalerta.com.br\/index.php\/wp-json\/wp\/v2\/categories?post=7347"},{"taxonomy":"post_tag","embeddable":true,"href":"https:\/\/www.portalalerta.com.br\/index.php\/wp-json\/wp\/v2\/tags?post=7347"}],"curies":[{"name":"wp","href":"https:\/\/api.w.org\/{rel}","templated":true}]}}