{"id":7351,"date":"2018-05-18T12:27:06","date_gmt":"2018-05-18T15:27:06","guid":{"rendered":"http:\/\/www.portalalerta.com.br\/?p=7351"},"modified":"2018-05-18T12:27:06","modified_gmt":"2018-05-18T15:27:06","slug":"oito-suspeitos-de-envolvimento-na-morte-do-capitao-da-pm-sao-mortos-em-confronto-com-a-policia-de-sergipe","status":"publish","type":"post","link":"https:\/\/www.portalalerta.com.br\/index.php\/2018\/05\/18\/oito-suspeitos-de-envolvimento-na-morte-do-capitao-da-pm-sao-mortos-em-confronto-com-a-policia-de-sergipe\/","title":{"rendered":"Oito suspeitos de envolvimento na morte do Capit\u00e3o da PM s\u00e3o mortos em confronto com a pol\u00edcia de Sergipe"},"content":{"rendered":"<p style=\"text-align: justify;\">Outras tr\u00eas pessoas foram presas na a\u00e7\u00e3o da Pol\u00edcia Civil de Sergipe que ocorre em munic\u00edpios de Sergipe e Bahia.<!--more--><\/p>\n<p style=\"text-align: justify;\">Na madrugada desta sexta-feira (18), tr\u00eas pessoas foram presas e outras oito morreram em confronto com a Pol\u00edcia Civil de Sergipe em uma opera\u00e7\u00e3o deflagrada para prender os suspeitos de envolvimento na morte do Capit\u00e3o Manoel Oliveira, executado a tiros dentro de um ve\u00edculo em uma estrada do munic\u00edpio de Porto da Folha (SE) no dia 4 de abril. A opera\u00e7\u00e3o ocorre nos estados de Sergipe e Bahia.<\/p>\n<p style=\"text-align: justify;\">De acordo com a Secretaria da Seguran\u00e7a P\u00fablica (SSP), a a\u00e7\u00e3o foi coordenada pelo Complexo de Opera\u00e7\u00f5es Policiais Especiais (Cope), que se baseou nas informa\u00e7\u00f5es checadas atrav\u00e9s do n\u00famero 181 e investiga\u00e7\u00e3o policial. Dos oito mortos, que segundo a pol\u00edcia reagiram a pris\u00e3o, dois foram no Bairro Santa Maria, em Aracaju (SE), dois em Po\u00e7o Redondo (SE), um em Paulo Afonso (BA), dois em Barreiras (BA) e mais um no munic\u00edpio de Lu\u00edz Eduardo Magalh\u00e3es (BA).<\/p>\n<p style=\"text-align: justify;\"><img fetchpriority=\"high\" decoding=\"async\" class=\"size-thumbnail wp-image-4869 aligncenter\" src=\"http:\/\/www.portalalerta.com.br\/wp-content\/uploads\/2018\/02\/Auto-Escola-Nobre-720x181.jpg\" alt=\"\" width=\"720\" height=\"181\" srcset=\"https:\/\/www.portalalerta.com.br\/wp-content\/uploads\/2018\/02\/Auto-Escola-Nobre.jpg 720w, https:\/\/www.portalalerta.com.br\/wp-content\/uploads\/2018\/02\/Auto-Escola-Nobre-260x65.jpg 260w, https:\/\/www.portalalerta.com.br\/wp-content\/uploads\/2018\/02\/Auto-Escola-Nobre-50x13.jpg 50w, https:\/\/www.portalalerta.com.br\/wp-content\/uploads\/2018\/02\/Auto-Escola-Nobre-150x38.jpg 150w\" sizes=\"(max-width: 720px) 100vw, 720px\" \/>Ainda segundo a SSP, a a\u00e7\u00e3o contra o comandante da Caatinga mant\u00e9m rela\u00e7\u00e3o com um trabalho contra a pistolagem na Regi\u00e3o Norte da Bahia e Alto Sert\u00e3o de Sergipe. \u201cA opera\u00e7\u00e3o aconteceu em setembro de 2017 e prendeu um trio relacionado com o crime de pistolagem na Bahia, Sergipe e Alagoas e tinha como foco em Pedro Alexandre, na Bahia\u201d, diz a nota.<\/p>\n<p style=\"text-align: justify;\">A Delegada Geral da Pol\u00edcia Civil, Katarina Feitoza, disse que um dos mortos, Ant\u00f4nio Br\u00e1s, tem rela\u00e7\u00e3o com a morte do deputado estadual Joaldo Barbosa, \u2018N\u00eago da Farm\u00e1cia\u2019, em 27 de janeiro de 2003. \u201cAnt\u00f4nio Bras \u00e9 um dos participantes da quadrilha. Foram cumpridos 10 mandados de pris\u00e3o em Sergipe e Bahia. Oito desses suspeitos ousaram reagir, e como a gente j\u00e1 esperava, porque s\u00e3o uma quadrilha altamente organizada e armada, reagiram e entraram em confronto com os policiais\u201d, conta.<\/p>\n<p style=\"text-align: justify;\">A pol\u00edcia tamb\u00e9m acredita que o grupo tenha envolvimento com as mortes do presidente da C\u00e2mara Municipal de Carira, Jailton Martins, um vereador de Po\u00e7o Redondo e um ex-prefeito do munic\u00edpio de Pedro Alexandre, na Bahia. \u201cEram pessoas muito perigosas e todas identificadas. A opera\u00e7\u00e3o continua e haver\u00e1 desdobramentos em todo o final de semana, possivelmente na pr\u00f3xima segunda-feira\u201d, disse o assessor de comunica\u00e7\u00e3o da SSP, Lucas Ros\u00e1rio.<\/p>\n<p style=\"text-align: justify;\">A a\u00e7\u00e3o contou com aux\u00edlio da Pol\u00edcia da Bahia onde foram presos tr\u00eas envolvidos, que v\u00e3o ser conduzidos ao Complexo de Opera\u00e7\u00f5es Policiais Especiais (Cope), em Aracaju.<\/p>\n<p style=\"text-align: justify;\"><strong>O crime<\/strong><\/p>\n<p style=\"text-align: justify;\">O comandante do Pelot\u00e3o da Companhia Especializada em Opera\u00e7\u00f5es Policiais em \u00c1rea de Caatinga (Ceopac), capit\u00e3o Manoel Oliveira, foi executado a tiros na noite do dia 4 de abril dentro de um ve\u00edculo em uma estrada do munic\u00edpio de Porto da Folha (SE), Alto Sert\u00e3o do Estado. <a href=\"http:\/\/www.portalalerta.com.br\/index.php\/2018\/04\/05\/comandante-do-pelotao-da-caatinga-e-encontrado-morto-dentro-de-veiculo-abandonado-em-sergipe\/\"><strong>Relembre\u00a0<\/strong><\/a><\/p>\n<p style=\"text-align: justify;\">Segundo a Secretaria de Seguran\u00e7a P\u00fablica de Sergipe (SSP), homens armados, em dois ve\u00edculos Corolla, abordaram o oficial da PM e efetuaram v\u00e1rios disparos, pr\u00f3ximo ao local onde fica a sede da unidade da Policia Militar.<\/p>\n<p style=\"text-align: justify;\">O capit\u00e3o Oliveira tinha 42 anos e fundou o Pelot\u00e3o da Caatinga em 2008. Essa unidade da pol\u00edcia atuava no alto e no Baixo Sert\u00e3o do Estado combatendo todo tipo de crime.<\/p>\n<p style=\"text-align: justify;\"><strong>Fardamento<\/strong><\/p>\n<p style=\"text-align: justify;\">Pol\u00edcia Federal analisa o material gen\u00e9tico presente nos fardamentos da Pol\u00edcia Militar de Sergipe, encontrados \u00e0s margens da rodovia entre os munic\u00edpios de Feira Nova a Graccho Cardoso, no sert\u00e3o sergipano. O DNA para ajudar na identifica\u00e7\u00e3o de poss\u00edveis suspeitos do crime.<\/p>\n<p style=\"text-align: justify;\"><img decoding=\"async\" class=\"aligncenter wp-image-7352 size-full\" src=\"http:\/\/www.portalalerta.com.br\/wp-content\/uploads\/2018\/05\/Fardamento-PM-SE.jpg\" alt=\"\" width=\"550\" height=\"350\" srcset=\"https:\/\/www.portalalerta.com.br\/wp-content\/uploads\/2018\/05\/Fardamento-PM-SE.jpg 550w, https:\/\/www.portalalerta.com.br\/wp-content\/uploads\/2018\/05\/Fardamento-PM-SE-377x240.jpg 377w, https:\/\/www.portalalerta.com.br\/wp-content\/uploads\/2018\/05\/Fardamento-PM-SE-229x146.jpg 229w, https:\/\/www.portalalerta.com.br\/wp-content\/uploads\/2018\/05\/Fardamento-PM-SE-50x32.jpg 50w, https:\/\/www.portalalerta.com.br\/wp-content\/uploads\/2018\/05\/Fardamento-PM-SE-118x75.jpg 118w\" sizes=\"(max-width: 550px) 100vw, 550px\" \/>Segundo a SSP, a pol\u00edcia investiga se essas fardas teriam sido usadas pelos envolvidos na morte do capit\u00e3o. O material foi analisado pela per\u00edcia da Pol\u00edcia Civil sergipana.<\/p>\n<p style=\"text-align: justify;\"><em>Fonte: G1 BA<\/em><\/p>\n","protected":false},"excerpt":{"rendered":"<p>Outras tr\u00eas pessoas foram presas na a\u00e7\u00e3o da Pol\u00edcia Civil de Sergipe que ocorre em munic\u00edpios de Sergipe e Bahia.<\/p>\n","protected":false},"author":2,"featured_media":6115,"comment_status":"closed","ping_status":"open","sticky":false,"template":"","format":"standard","meta":{"om_disable_all_campaigns":false,"_monsterinsights_skip_tracking":false,"_monsterinsights_sitenote_active":false,"_monsterinsights_sitenote_note":"","_monsterinsights_sitenote_category":0,"footnotes":""},"categories":[33,34,70,69,22],"tags":[54,178,206,608,1104,122,79,504,114],"class_list":["post-7351","post","type-post","status-publish","format-standard","has-post-thumbnail","hentry","category-bahia","category-brasil","category-destaques","category-noticias2","category-seguranca","tag-bahia","tag-confronto","tag-homicidio","tag-mortos","tag-pistolagem","tag-policia-civil","tag-policia-militar","tag-policial","tag-sergipe"],"aioseo_notices":[],"_links":{"self":[{"href":"https:\/\/www.portalalerta.com.br\/index.php\/wp-json\/wp\/v2\/posts\/7351","targetHints":{"allow":["GET"]}}],"collection":[{"href":"https:\/\/www.portalalerta.com.br\/index.php\/wp-json\/wp\/v2\/posts"}],"about":[{"href":"https:\/\/www.portalalerta.com.br\/index.php\/wp-json\/wp\/v2\/types\/post"}],"author":[{"embeddable":true,"href":"https:\/\/www.portalalerta.com.br\/index.php\/wp-json\/wp\/v2\/users\/2"}],"replies":[{"embeddable":true,"href":"https:\/\/www.portalalerta.com.br\/index.php\/wp-json\/wp\/v2\/comments?post=7351"}],"version-history":[{"count":0,"href":"https:\/\/www.portalalerta.com.br\/index.php\/wp-json\/wp\/v2\/posts\/7351\/revisions"}],"wp:featuredmedia":[{"embeddable":true,"href":"https:\/\/www.portalalerta.com.br\/index.php\/wp-json\/wp\/v2\/media\/6115"}],"wp:attachment":[{"href":"https:\/\/www.portalalerta.com.br\/index.php\/wp-json\/wp\/v2\/media?parent=7351"}],"wp:term":[{"taxonomy":"category","embeddable":true,"href":"https:\/\/www.portalalerta.com.br\/index.php\/wp-json\/wp\/v2\/categories?post=7351"},{"taxonomy":"post_tag","embeddable":true,"href":"https:\/\/www.portalalerta.com.br\/index.php\/wp-json\/wp\/v2\/tags?post=7351"}],"curies":[{"name":"wp","href":"https:\/\/api.w.org\/{rel}","templated":true}]}}