{"id":7354,"date":"2018-05-18T17:07:29","date_gmt":"2018-05-18T20:07:29","guid":{"rendered":"http:\/\/www.portalalerta.com.br\/?p=7354"},"modified":"2018-05-18T17:07:29","modified_gmt":"2018-05-18T20:07:29","slug":"policial-militar-e-baleado-na-cidade-de-biritinga-ba","status":"publish","type":"post","link":"https:\/\/www.portalalerta.com.br\/index.php\/2018\/05\/18\/policial-militar-e-baleado-na-cidade-de-biritinga-ba\/","title":{"rendered":"Policial Militar \u00e9 baleado na cidade de Biritinga-BA"},"content":{"rendered":"<p style=\"text-align: justify;\">Um policial lotado no 16\u00ba Batalh\u00e3o de Pol\u00edcia Militar (BPM\/Serrinha) foi baleado no munic\u00edpio de Biritinga, no in\u00edcio da noite da \u00faltima quarta-feira (16). O militar foi atingido por um tiro na cabe\u00e7a e, ap\u00f3s receber os primeiros socorros no Hospital Municipal, foi encaminhado para o Hospital Emec, em Feira de Santana.<!--more--><\/p>\n<p style=\"text-align: justify;\">Segundo amigos do PM, ele chegou ao Emec consciente, passou por uma bateria de exames e foi encaminhado para o centro cir\u00fargico da unidade, onde permanecia at\u00e9 a publica\u00e7\u00e3o desta mat\u00e9ria (01h20 de ter\u00e7a-feira, 17). Ainda de acordo com amigos, o estado cl\u00ednico dele \u00e9 considerado est\u00e1vel, mas inspira cuidados.<\/p>\n<p style=\"text-align: justify;\"><img fetchpriority=\"high\" decoding=\"async\" class=\"size-full wp-image-2867 aligncenter\" src=\"http:\/\/www.portalalerta.com.br\/wp-content\/uploads\/2017\/11\/protege-1.jpg\" alt=\"\" width=\"600\" height=\"140\" \/>Atrav\u00e9s da Assessoria de Comunica\u00e7\u00e3o Social, o 16\u00ba BPM confirmou o atentado contra o PM, mas n\u00e3o deu detalhes do ocorrido. \u201cO soldado Natanagildo, lotado no Pelot\u00e3o de Biritinga, foi alvejado e est\u00e1 sendo atendido no Emec em Feira de Santana\u201d, comunicou a PM. N\u00e3o h\u00e1 informa\u00e7\u00f5es sobre as circunst\u00e2ncias do ocorrido, nem sobre o autor do disparo.<\/p>\n<p style=\"text-align: justify;\">Amigos do PM torcem pela sua recupera\u00e7\u00e3o &#8211; No Facebook, amigos do soldado postaram mensagens torcendo pela recupera\u00e7\u00e3o dele. \u201cGuerreiro de Deus, estou orando pela sua recupera\u00e7\u00e3o. Grande homem! Vai estar logo, logo recuperado, porque creio em Deus e ele vai escutar as nossas preces\u201d, escreveu um amigo do policial.<\/p>\n<p style=\"text-align: justify;\">\u201cF\u00e9 em Deus guerreiro, j\u00e1 deu tudo certo. Deus est\u00e1 no controle de tudo, apenas confia nele. Estamos orando por voc\u00ea e Deus j\u00e1 entrou com provid\u00eancia. Deus \u00e9 o m\u00e9dico dos m\u00e9dicos e vai te operar\u201d, disse outro amigo.<\/p>\n<p style=\"text-align: justify;\"><em>Fonte: Portal Euclidense<\/em><\/p>\n","protected":false},"excerpt":{"rendered":"<p>Um policial lotado no 16\u00ba Batalh\u00e3o de Pol\u00edcia Militar (BPM\/Serrinha) foi baleado no munic\u00edpio de Biritinga, no in\u00edcio da noite da \u00faltima quarta-feira (16). O militar foi atingido por um tiro na cabe\u00e7a e, ap\u00f3s receber os primeiros socorros no Hospital Municipal, foi encaminhado para o Hospital Emec, em Feira de Santana.<\/p>\n","protected":false},"author":2,"featured_media":7355,"comment_status":"closed","ping_status":"open","sticky":false,"template":"","format":"standard","meta":{"om_disable_all_campaigns":false,"_monsterinsights_skip_tracking":false,"_monsterinsights_sitenote_active":false,"_monsterinsights_sitenote_note":"","_monsterinsights_sitenote_category":0,"footnotes":""},"categories":[33,70,69,22],"tags":[163,794,178,79,504],"class_list":["post-7354","post","type-post","status-publish","format-standard","has-post-thumbnail","hentry","category-bahia","category-destaques","category-noticias2","category-seguranca","tag-baleado","tag-biritinga","tag-confronto","tag-policia-militar","tag-policial"],"aioseo_notices":[],"_links":{"self":[{"href":"https:\/\/www.portalalerta.com.br\/index.php\/wp-json\/wp\/v2\/posts\/7354","targetHints":{"allow":["GET"]}}],"collection":[{"href":"https:\/\/www.portalalerta.com.br\/index.php\/wp-json\/wp\/v2\/posts"}],"about":[{"href":"https:\/\/www.portalalerta.com.br\/index.php\/wp-json\/wp\/v2\/types\/post"}],"author":[{"embeddable":true,"href":"https:\/\/www.portalalerta.com.br\/index.php\/wp-json\/wp\/v2\/users\/2"}],"replies":[{"embeddable":true,"href":"https:\/\/www.portalalerta.com.br\/index.php\/wp-json\/wp\/v2\/comments?post=7354"}],"version-history":[{"count":0,"href":"https:\/\/www.portalalerta.com.br\/index.php\/wp-json\/wp\/v2\/posts\/7354\/revisions"}],"wp:featuredmedia":[{"embeddable":true,"href":"https:\/\/www.portalalerta.com.br\/index.php\/wp-json\/wp\/v2\/media\/7355"}],"wp:attachment":[{"href":"https:\/\/www.portalalerta.com.br\/index.php\/wp-json\/wp\/v2\/media?parent=7354"}],"wp:term":[{"taxonomy":"category","embeddable":true,"href":"https:\/\/www.portalalerta.com.br\/index.php\/wp-json\/wp\/v2\/categories?post=7354"},{"taxonomy":"post_tag","embeddable":true,"href":"https:\/\/www.portalalerta.com.br\/index.php\/wp-json\/wp\/v2\/tags?post=7354"}],"curies":[{"name":"wp","href":"https:\/\/api.w.org\/{rel}","templated":true}]}}