{"id":7357,"date":"2018-05-18T17:20:22","date_gmt":"2018-05-18T20:20:22","guid":{"rendered":"http:\/\/www.portalalerta.com.br\/?p=7357"},"modified":"2018-05-18T17:32:11","modified_gmt":"2018-05-18T20:32:11","slug":"condenado-a-30-anos-na-lava-jato-dirceu-se-entrega-a-policia-federal1","status":"publish","type":"post","link":"https:\/\/www.portalalerta.com.br\/index.php\/2018\/05\/18\/condenado-a-30-anos-na-lava-jato-dirceu-se-entrega-a-policia-federal1\/","title":{"rendered":"Condenado a 30 anos na Lava Jato, Dirceu se entrega \u00e0 Pol\u00edcia Federal"},"content":{"rendered":"<p style=\"text-align: justify;\">Ex-ministro da Casa Civil (2003-2005) foi condenado por suposto recebimento de propina da empreiteira Engevix em contratos com a Petrobras<!--more--><\/p>\n<p style=\"text-align: justify;\">O ex-ministro Jos\u00e9 Dirceu (chefe da Casa Civil entre 2003 e 2005) est\u00e1 dividindo uma cela coletiva de 30 m\u00b2 no Complexo Penitenci\u00e1rio da Papuda, em Bras\u00edlia (DF).<\/p>\n<p style=\"text-align: justify;\">Dirceu\u00a0se entregou \u00e0 Justi\u00e7a\u00a0por volta das 14h desta sexta-feira (18), ap\u00f3s\u00a0pris\u00e3o decretada na quinta-feira (17)\u00a0pela 13\u00aa Vara Criminal de Curitiba (PR), respons\u00e1vel pela Lava Jato na primeira inst\u00e2ncia.<\/p>\n<p style=\"text-align: justify;\"><img decoding=\"async\" class=\"size-full wp-image-2814 alignleft\" src=\"http:\/\/www.portalalerta.com.br\/wp-content\/uploads\/2017\/11\/banner9.png\" alt=\"\" width=\"270\" height=\"174\" srcset=\"https:\/\/www.portalalerta.com.br\/wp-content\/uploads\/2017\/11\/banner9.png 270w, https:\/\/www.portalalerta.com.br\/wp-content\/uploads\/2017\/11\/banner9-227x146.png 227w, https:\/\/www.portalalerta.com.br\/wp-content\/uploads\/2017\/11\/banner9-50x32.png 50w, https:\/\/www.portalalerta.com.br\/wp-content\/uploads\/2017\/11\/banner9-116x75.png 116w\" sizes=\"(max-width: 270px) 100vw, 270px\" \/>O ex-ministro foi condenado a\u00a030 anos e 9 meses de pris\u00e3o\u00a0por corrup\u00e7\u00e3o passiva, lavagem de dinheiro e pertin\u00eancia \u00e0 organiza\u00e7\u00e3o criminosa. Ele \u00e9 acusado de gerenciar o recebimento de R$ 15 milh\u00f5es em propinas da empreiteira Engevix, por meio da Diretoria de Servi\u00e7os da Petrobras.<\/p>\n<p style=\"text-align: justify;\">De acordo com a Subsecretaria do Sistema Penitenci\u00e1rio do Distrito Federal, Dirceu chegou \u00e0s 14h40 \u00e0 Papuda, ap\u00f3s autoriza\u00e7\u00e3o da Vara de Execu\u00e7\u00f5es Penais do Tribunal de Justi\u00e7a do Distrito Federal.<\/p>\n<p style=\"text-align: justify;\">Ele foi recolhido ao bloco 5 do Centro de Deten\u00e7\u00e3o Provis\u00f3ria da Papuda, que re\u00fane internos com direito de cust\u00f3dia em locais espec\u00edficos, como ex-policiais, idosos, pol\u00edticos e r\u00e9us com forma\u00e7\u00e3o de ensino superior.<\/p>\n<p style=\"text-align: justify;\">\u201cA cela onde Jos\u00e9 Dirceu permanecer\u00e1 \u00e9 coletiva, com tamanho aproximado de 30 metros quadrados. O local conta com camas do tipo beliche, chuveiro e vaso sanit\u00e1rio\u201d, informa a Secretaria da Seguran\u00e7a P\u00fablica e da Paz Social do DF. O \u00f3rg\u00e3o n\u00e3o informou quantas pessoas est\u00e3o no local.<\/p>\n<p style=\"text-align: justify;\">Dirceu ter\u00e1 direito a quatro refei\u00e7\u00f5es di\u00e1rias (caf\u00e9 da manh\u00e3, almo\u00e7o, jantar e lanche noturno), al\u00e9m de duas horas de banho de sol.<\/p>\n<p style=\"text-align: justify;\">A ju\u00edza federal Gabriela Hardta, que substitui S\u00e9rgio Moro esta semana em Curitiba, determinou que o ex-ministro fosse preso inicialmente no Paran\u00e1. A defesa de Dirceu, no entanto, j\u00e1 entrou com pedido para que a Justi\u00e7a autorize o cumprimento da pena na capital federal, onde mora sua fam\u00edlia. A peti\u00e7\u00e3o ainda ser\u00e1 analisada.<\/p>\n<p style=\"text-align: justify;\">Dirceu\u00a0volta ao regime fechado\u00a0ap\u00f3s cumprir um ano de pris\u00e3o domiciliar, autorizado por\u00a0habeas corpus do Supremo Tribunal Federal.<\/p>\n<p style=\"text-align: justify;\">O petista ficou preso de forma preventiva na Lava Jato por um ano e nove meses, no Complexo M\u00e9dico-Penal de Pinhais, regi\u00e3o metropolitana de Curitiba, de 3 de agosto de 2015 a 3 de maio de 2017. Esse per\u00edodo em regime fechado ser\u00e1 descontado do tempo final da pena.<\/p>\n<p style=\"text-align: justify;\">Dirceu j\u00e1 esteve\u00a0preso durante um ano na Papuda, entre novembro de 2013 e novembro de 2014, onde cumpriu parte da pena de 7 anos e 11 meses de pris\u00e3o no processo do mensal\u00e3o, julgado no Supremo Tribunal Federal. Ele conseguiu reduzir em 142 dias a sua pena por trabalhar e estudar na pris\u00e3o, o que antecipou a progress\u00e3o para o regime aberto, mesmo sem ter cumprido um sexto da pena na ocasi\u00e3o.<\/p>\n<p style=\"text-align: justify;\"><em>Fonte: R7<\/em><\/p>\n","protected":false},"excerpt":{"rendered":"<p>Ex-ministro da Casa Civil (2003-2005) foi condenado por suposto recebimento de propina da empreiteira Engevix em contratos com a Petrobras<\/p>\n","protected":false},"author":2,"featured_media":7358,"comment_status":"closed","ping_status":"open","sticky":false,"template":"","format":"standard","meta":{"om_disable_all_campaigns":false,"_monsterinsights_skip_tracking":false,"_monsterinsights_sitenote_active":false,"_monsterinsights_sitenote_note":"","_monsterinsights_sitenote_category":0,"footnotes":""},"categories":[34,70,69,21],"tags":[901,1105,247,173,77,484],"class_list":["post-7357","post","type-post","status-publish","format-standard","has-post-thumbnail","hentry","category-brasil","category-destaques","category-noticias2","category-politica","tag-condenado","tag-jose-dirceu","tag-lava-jato","tag-policia-federal","tag-preso","tag-trf"],"aioseo_notices":[],"_links":{"self":[{"href":"https:\/\/www.portalalerta.com.br\/index.php\/wp-json\/wp\/v2\/posts\/7357","targetHints":{"allow":["GET"]}}],"collection":[{"href":"https:\/\/www.portalalerta.com.br\/index.php\/wp-json\/wp\/v2\/posts"}],"about":[{"href":"https:\/\/www.portalalerta.com.br\/index.php\/wp-json\/wp\/v2\/types\/post"}],"author":[{"embeddable":true,"href":"https:\/\/www.portalalerta.com.br\/index.php\/wp-json\/wp\/v2\/users\/2"}],"replies":[{"embeddable":true,"href":"https:\/\/www.portalalerta.com.br\/index.php\/wp-json\/wp\/v2\/comments?post=7357"}],"version-history":[{"count":0,"href":"https:\/\/www.portalalerta.com.br\/index.php\/wp-json\/wp\/v2\/posts\/7357\/revisions"}],"wp:featuredmedia":[{"embeddable":true,"href":"https:\/\/www.portalalerta.com.br\/index.php\/wp-json\/wp\/v2\/media\/7358"}],"wp:attachment":[{"href":"https:\/\/www.portalalerta.com.br\/index.php\/wp-json\/wp\/v2\/media?parent=7357"}],"wp:term":[{"taxonomy":"category","embeddable":true,"href":"https:\/\/www.portalalerta.com.br\/index.php\/wp-json\/wp\/v2\/categories?post=7357"},{"taxonomy":"post_tag","embeddable":true,"href":"https:\/\/www.portalalerta.com.br\/index.php\/wp-json\/wp\/v2\/tags?post=7357"}],"curies":[{"name":"wp","href":"https:\/\/api.w.org\/{rel}","templated":true}]}}