{"id":7366,"date":"2018-05-18T17:46:51","date_gmt":"2018-05-18T20:46:51","guid":{"rendered":"http:\/\/www.portalalerta.com.br\/?p=7366"},"modified":"2018-05-18T17:52:43","modified_gmt":"2018-05-18T20:52:43","slug":"ex-panico-e-pego-em-operacao-contra-pedofilia-mas-nega-crime","status":"publish","type":"post","link":"https:\/\/www.portalalerta.com.br\/index.php\/2018\/05\/18\/ex-panico-e-pego-em-operacao-contra-pedofilia-mas-nega-crime\/","title":{"rendered":"Ex-P\u00e2nico \u00e9 pego em opera\u00e7\u00e3o contra pedofilia, mas nega crime"},"content":{"rendered":"<p style=\"text-align: justify;\">O humorista Marcelo Harada, 52, que j\u00e1 fez o &#8220;Japon\u00eas&#8221; do Programa P\u00e2nico e atualmente \u00e9 do elenco do &#8220;Programa do Ratinho&#8221;, do SBT,\u00a0foi detido na manh\u00e3 desta quinta-feira (17) em uma opera\u00e7\u00e3o contra pedofilia organizada pelo Minist\u00e9rio Extraordin\u00e1rio da Seguran\u00e7a P\u00fablica\u00a0 em parceria com as Pol\u00edcias Civis do Distrito Federal e de 24 Estados.<!--more--><\/p>\n<p style=\"text-align: justify;\">Harada foi detido em sua casa. Em todo o pa\u00eds, foram cumpridos 579 mandados de busca e apreens\u00e3o.<\/p>\n<p style=\"text-align: justify;\">Mega opera\u00e7\u00e3o contra pedofilia cumpre quase 600 mandados<\/p>\n<p style=\"text-align: justify;\">Em sua casa, na zona sul de S\u00e3o Paulo, foram encontrados HDs externos com fotografias de pornografia infantil.<\/p>\n<p style=\"text-align: justify;\">Segundo a delegada e diretora do DHPP (Departamento de Homic\u00eddios e de Prote\u00e7\u00e3o \u00e0 Pessoa), Elisabete Sato, o crime do humorista \u00e9 afian\u00e7\u00e1vel, pois ele s\u00f3 armazenava e n\u00e3o compartilhava ou produzia o conte\u00fado pornogr\u00e1fico.<\/p>\n<p style=\"text-align: justify;\"><img fetchpriority=\"high\" decoding=\"async\" class=\"size-thumbnail wp-image-4869 aligncenter\" src=\"http:\/\/www.portalalerta.com.br\/wp-content\/uploads\/2018\/02\/Auto-Escola-Nobre-720x181.jpg\" alt=\"\" width=\"720\" height=\"181\" srcset=\"https:\/\/www.portalalerta.com.br\/wp-content\/uploads\/2018\/02\/Auto-Escola-Nobre.jpg 720w, https:\/\/www.portalalerta.com.br\/wp-content\/uploads\/2018\/02\/Auto-Escola-Nobre-260x65.jpg 260w, https:\/\/www.portalalerta.com.br\/wp-content\/uploads\/2018\/02\/Auto-Escola-Nobre-50x13.jpg 50w, https:\/\/www.portalalerta.com.br\/wp-content\/uploads\/2018\/02\/Auto-Escola-Nobre-150x38.jpg 150w\" sizes=\"(max-width: 720px) 100vw, 720px\" \/>Ap\u00f3s pagar uma fian\u00e7a de R$ 1.000, Harada foi liberado, mas ele ainda ter\u00e1 que responder ao processo na Justi\u00e7a.<\/p>\n<p style=\"text-align: justify;\">&#8220;Quem armazena n\u00e3o est\u00e1 isento de ter uma investiga\u00e7\u00e3o posterior da pol\u00edcia. Porque aquele que armazena nada impede de que no futuro compartilhe, ou at\u00e9 produza, a pornografia infantil&#8221;, disse a delegada.<\/p>\n<p style=\"text-align: justify;\">&#8220;Todos voc\u00eas conhecem minha idoneidade, voc\u00eas sabem que sou incapaz de fazer qualquer mal&#8221;, disse Harada\u00a0em um v\u00eddeo publicado em seu perfil no Facebook\u00a0para se defender das acusa\u00e7\u00f5es (assista abaixo).<\/p>\n<p style=\"text-align: justify;\">As informa\u00e7\u00f5es obtidas durante quatro meses foram repassadas \u00e0s Pol\u00edcias Civis \u2014 em especial delegacias de prote\u00e7\u00e3o \u00e0 crian\u00e7a e ao adolescente e repress\u00e3o a crimes inform\u00e1ticos \u2014, que instauraram inqu\u00e9ritos e solicitaram aos ju\u00edzes locais a expedi\u00e7\u00e3o dos mandados.<\/p>\n<p style=\"text-align: justify;\">Em S\u00e3o Paulo, pelo menos 30 pessoas foram presas em flagrante \u2014 a maioria homens \u2014 at\u00e9 9h30 desta quinta-feira. Em todo o Estado foram 166 mandados de busca e apreens\u00e3o. Os acusados foram trazidos desde as 6h para o DHPP, na regi\u00e3o central.<\/p>\n<figure id=\"attachment_7367\" aria-describedby=\"caption-attachment-7367\" style=\"width: 400px\" class=\"wp-caption aligncenter\"><img decoding=\"async\" class=\"wp-image-7367 size-full\" src=\"http:\/\/www.portalalerta.com.br\/wp-content\/uploads\/2018\/05\/Marcelo-Harada.jpg\" alt=\"\" width=\"400\" height=\"400\" srcset=\"https:\/\/www.portalalerta.com.br\/wp-content\/uploads\/2018\/05\/Marcelo-Harada.jpg 400w, https:\/\/www.portalalerta.com.br\/wp-content\/uploads\/2018\/05\/Marcelo-Harada-240x240.jpg 240w, https:\/\/www.portalalerta.com.br\/wp-content\/uploads\/2018\/05\/Marcelo-Harada-146x146.jpg 146w, https:\/\/www.portalalerta.com.br\/wp-content\/uploads\/2018\/05\/Marcelo-Harada-50x50.jpg 50w, https:\/\/www.portalalerta.com.br\/wp-content\/uploads\/2018\/05\/Marcelo-Harada-75x75.jpg 75w, https:\/\/www.portalalerta.com.br\/wp-content\/uploads\/2018\/05\/Marcelo-Harada-85x85.jpg 85w, https:\/\/www.portalalerta.com.br\/wp-content\/uploads\/2018\/05\/Marcelo-Harada-80x80.jpg 80w\" sizes=\"(max-width: 400px) 100vw, 400px\" \/><figcaption id=\"caption-attachment-7367\" class=\"wp-caption-text\">Marcelo Harada nega que tenha cometido o crime<\/figcaption><\/figure>\n<p style=\"text-align: justify;\">Entre os presos, havia jovens e idosos. Um dos homens mais velhos teria chegado com a cuidadora; outro portava cadeira de rodas. Computadores, CPUs, pendrives e celulares foram apreendidos e passar\u00e3o por an\u00e1lise t\u00e9cnica dos peritos.<\/p>\n<p style=\"text-align: justify;\"><em>Fonte: Chico Sabe Tudo<\/em><\/p>\n","protected":false},"excerpt":{"rendered":"<p>O humorista Marcelo Harada, 52, que j\u00e1 fez o &#8220;Japon\u00eas&#8221; do Programa P\u00e2nico e atualmente \u00e9 do elenco do &#8220;Programa do Ratinho&#8221;, do SBT,\u00a0foi detido na manh\u00e3 desta quinta-feira (17) em uma opera\u00e7\u00e3o contra pedofilia organizada pelo Minist\u00e9rio Extraordin\u00e1rio da Seguran\u00e7a P\u00fablica\u00a0 em parceria com as Pol\u00edcias Civis do Distrito Federal e de 24 Estados.<\/p>\n","protected":false},"author":2,"featured_media":7368,"comment_status":"closed","ping_status":"open","sticky":false,"template":"","format":"standard","meta":{"om_disable_all_campaigns":false,"_monsterinsights_skip_tracking":false,"_monsterinsights_sitenote_active":false,"_monsterinsights_sitenote_note":"","_monsterinsights_sitenote_category":0,"footnotes":""},"categories":[34,70,69,22],"tags":[93,810,726,77,404,256],"class_list":["post-7366","post","type-post","status-publish","format-standard","has-post-thumbnail","hentry","category-brasil","category-destaques","category-noticias2","category-seguranca","tag-brasil","tag-famoso","tag-pedofilia","tag-preso","tag-sao-paulo","tag-ssp"],"aioseo_notices":[],"_links":{"self":[{"href":"https:\/\/www.portalalerta.com.br\/index.php\/wp-json\/wp\/v2\/posts\/7366","targetHints":{"allow":["GET"]}}],"collection":[{"href":"https:\/\/www.portalalerta.com.br\/index.php\/wp-json\/wp\/v2\/posts"}],"about":[{"href":"https:\/\/www.portalalerta.com.br\/index.php\/wp-json\/wp\/v2\/types\/post"}],"author":[{"embeddable":true,"href":"https:\/\/www.portalalerta.com.br\/index.php\/wp-json\/wp\/v2\/users\/2"}],"replies":[{"embeddable":true,"href":"https:\/\/www.portalalerta.com.br\/index.php\/wp-json\/wp\/v2\/comments?post=7366"}],"version-history":[{"count":0,"href":"https:\/\/www.portalalerta.com.br\/index.php\/wp-json\/wp\/v2\/posts\/7366\/revisions"}],"wp:featuredmedia":[{"embeddable":true,"href":"https:\/\/www.portalalerta.com.br\/index.php\/wp-json\/wp\/v2\/media\/7368"}],"wp:attachment":[{"href":"https:\/\/www.portalalerta.com.br\/index.php\/wp-json\/wp\/v2\/media?parent=7366"}],"wp:term":[{"taxonomy":"category","embeddable":true,"href":"https:\/\/www.portalalerta.com.br\/index.php\/wp-json\/wp\/v2\/categories?post=7366"},{"taxonomy":"post_tag","embeddable":true,"href":"https:\/\/www.portalalerta.com.br\/index.php\/wp-json\/wp\/v2\/tags?post=7366"}],"curies":[{"name":"wp","href":"https:\/\/api.w.org\/{rel}","templated":true}]}}