{"id":7372,"date":"2018-05-18T17:56:11","date_gmt":"2018-05-18T20:56:11","guid":{"rendered":"http:\/\/www.portalalerta.com.br\/?p=7372"},"modified":"2018-05-18T18:04:32","modified_gmt":"2018-05-18T21:04:32","slug":"prefeitura-proibe-estacionamento-de-veiculos-em-trechos-do-centro-de-ribeira-do-pombal","status":"publish","type":"post","link":"https:\/\/www.portalalerta.com.br\/index.php\/2018\/05\/18\/prefeitura-proibe-estacionamento-de-veiculos-em-trechos-do-centro-de-ribeira-do-pombal\/","title":{"rendered":"Prefeitura pro\u00edbe estacionamento de ve\u00edculos em trechos do centro de Ribeira do Pombal"},"content":{"rendered":"<p style=\"text-align: justify;\">Nesta quinta-feira (17\/05), a Prefeitura de Ribeira do Pombal, por meio da Secretaria de Transporte e Mobilidade Urbana, divulgou estar proibido o estacionamento de ve\u00edculos em alguns trechos do centro da cidade.<!--more--><\/p>\n<p style=\"text-align: justify;\">Na avenida Deputado Ant\u00f4nio Brito, a proibi\u00e7\u00e3o ocorre nos trechos ao lado do Col\u00e9gio Ev\u00eancia Brito, Posto Pombal e entre as ruas Jo\u00e3o XXIII (rua do Posto de Sa\u00fade) e a avenida Oliveira Brito. J\u00e1 na Rua Manoel Am\u00e9rico Passos, o trecho proibido compreende entre a avenida Oliveira Brito e o terreno baldio em frente ao INSS.<\/p>\n<p style=\"text-align: justify;\"><img fetchpriority=\"high\" decoding=\"async\" class=\"size-full wp-image-2867 aligncenter\" src=\"http:\/\/www.portalalerta.com.br\/wp-content\/uploads\/2017\/11\/protege-1.jpg\" alt=\"\" width=\"600\" height=\"140\" \/>Segundo a Secretaria, todos os trechos divulgados est\u00e3o com sinaliza\u00e7\u00f5es vertical e horizontal. A medida foi implementada ap\u00f3s estudos que indicavam a necessidade de interven\u00e7\u00e3o nos trechos, para melhoramento do tr\u00e2nsito da cidade.<\/p>\n<p style=\"text-align: justify;\"><strong>Sinaliza\u00e7\u00e3o da cidade<\/strong><\/p>\n<p style=\"text-align: justify;\">A medida adotada pela Prefeitura ainda n\u00e3o tem rela\u00e7\u00e3o com a futura sinaliza\u00e7\u00e3o da cidade, que ainda est\u00e1 nas m\u00e3os do Governo do Estado.<\/p>\n<p style=\"text-align: justify;\">O projeto foi atrasado, ap\u00f3s a percep\u00e7\u00e3o da necessidade de altera\u00e7\u00f5es, e ainda n\u00e3o possui previs\u00e3o de quando come\u00e7ar\u00e1 a ser instalado no munic\u00edpio.<\/p>\n<p style=\"text-align: justify;\"><em>Fonte: R\u00e1dio Povo<\/em><\/p>\n","protected":false},"excerpt":{"rendered":"<p>Nesta quinta-feira (17\/05), a Prefeitura de Ribeira do Pombal, por meio da Secretaria de Transporte e Mobilidade Urbana, divulgou estar proibido o estacionamento de ve\u00edculos em alguns trechos do centro da cidade.<\/p>\n","protected":false},"author":2,"featured_media":7373,"comment_status":"closed","ping_status":"open","sticky":false,"template":"","format":"standard","meta":{"om_disable_all_campaigns":false,"_monsterinsights_skip_tracking":false,"_monsterinsights_sitenote_active":false,"_monsterinsights_sitenote_note":"","_monsterinsights_sitenote_category":0,"footnotes":""},"categories":[70,69,32,3],"tags":[47,1106],"class_list":["post-7372","post","type-post","status-publish","format-standard","has-post-thumbnail","hentry","category-destaques","category-noticias2","category-regiao","category-ribeira-do-pombal","tag-ribeira-do-pombal","tag-transito"],"aioseo_notices":[],"_links":{"self":[{"href":"https:\/\/www.portalalerta.com.br\/index.php\/wp-json\/wp\/v2\/posts\/7372","targetHints":{"allow":["GET"]}}],"collection":[{"href":"https:\/\/www.portalalerta.com.br\/index.php\/wp-json\/wp\/v2\/posts"}],"about":[{"href":"https:\/\/www.portalalerta.com.br\/index.php\/wp-json\/wp\/v2\/types\/post"}],"author":[{"embeddable":true,"href":"https:\/\/www.portalalerta.com.br\/index.php\/wp-json\/wp\/v2\/users\/2"}],"replies":[{"embeddable":true,"href":"https:\/\/www.portalalerta.com.br\/index.php\/wp-json\/wp\/v2\/comments?post=7372"}],"version-history":[{"count":0,"href":"https:\/\/www.portalalerta.com.br\/index.php\/wp-json\/wp\/v2\/posts\/7372\/revisions"}],"wp:featuredmedia":[{"embeddable":true,"href":"https:\/\/www.portalalerta.com.br\/index.php\/wp-json\/wp\/v2\/media\/7373"}],"wp:attachment":[{"href":"https:\/\/www.portalalerta.com.br\/index.php\/wp-json\/wp\/v2\/media?parent=7372"}],"wp:term":[{"taxonomy":"category","embeddable":true,"href":"https:\/\/www.portalalerta.com.br\/index.php\/wp-json\/wp\/v2\/categories?post=7372"},{"taxonomy":"post_tag","embeddable":true,"href":"https:\/\/www.portalalerta.com.br\/index.php\/wp-json\/wp\/v2\/tags?post=7372"}],"curies":[{"name":"wp","href":"https:\/\/api.w.org\/{rel}","templated":true}]}}