{"id":7376,"date":"2018-05-20T22:57:46","date_gmt":"2018-05-21T01:57:46","guid":{"rendered":"http:\/\/www.portalalerta.com.br\/?p=7376"},"modified":"2018-05-20T22:57:46","modified_gmt":"2018-05-21T01:57:46","slug":"mae-e-padrasto-sao-presos-por-abuso-sexual-de-garota-de-6-anos-em-paulo-afonso-ba","status":"publish","type":"post","link":"https:\/\/www.portalalerta.com.br\/index.php\/2018\/05\/20\/mae-e-padrasto-sao-presos-por-abuso-sexual-de-garota-de-6-anos-em-paulo-afonso-ba\/","title":{"rendered":"M\u00e3e e padrasto s\u00e3o presos por abuso sexual de garota de 6 anos em Paulo Afonso-BA"},"content":{"rendered":"<p style=\"text-align: justify;\">Duas pessoas foram presas pela pol\u00edcia civil de Paulo Afonso por abuso sexual infantil, na \u00faltima quinta-feira, dia 17 de maio. Erickson Roberto dos Santos da Silva de 18 anos \u00e9 padrasto da v\u00edtima, uma garota de 6 anos. A m\u00e3e da menina, J\u00e9ssica dos Santos Andrade, tamb\u00e9m foi presa.<!--more--><\/p>\n<p style=\"text-align: justify;\">Segundo a pol\u00edcia, em depoimento, a m\u00e3e afirmou que n\u00e3o sabia que o companheiro mantinha rela\u00e7\u00f5es sexuais com a sua filha.<\/p>\n<p style=\"text-align: justify;\"><img decoding=\"async\" class=\"size-full wp-image-2814 alignleft\" src=\"http:\/\/www.portalalerta.com.br\/wp-content\/uploads\/2017\/11\/banner9.png\" alt=\"\" width=\"270\" height=\"174\" srcset=\"https:\/\/www.portalalerta.com.br\/wp-content\/uploads\/2017\/11\/banner9.png 270w, https:\/\/www.portalalerta.com.br\/wp-content\/uploads\/2017\/11\/banner9-227x146.png 227w, https:\/\/www.portalalerta.com.br\/wp-content\/uploads\/2017\/11\/banner9-50x32.png 50w, https:\/\/www.portalalerta.com.br\/wp-content\/uploads\/2017\/11\/banner9-116x75.png 116w\" sizes=\"(max-width: 270px) 100vw, 270px\" \/>As investiga\u00e7\u00f5es da delegada Juliana Fontes (DEAM \u2013 Delegacia da Mulher) apontaram que os abusos aconteceram no munic\u00edpio de Petrol\u00e2ndia-PE onde o casal ficou por algum tempo, por esse motivo os acusados foram levados para a delegacia daquela cidade. Com base nas provas, a delegada requereu as pris\u00f5es preventivas que foram cumpridas.<\/p>\n<p style=\"text-align: justify;\">A v\u00edtima \u00e9 filha do m\u00fasico pauloafonsino Edvan Marques da Silva, conhecido como \u2018P\u00e9 de Meia\u2019, fruto de um relacionamento rel\u00e2mpago com J\u00e9ssica. Ele j\u00e1 suspeitava dos abusos desde que a sua ex-companheira raptou a menina em meados do ano passado.<\/p>\n<figure id=\"attachment_7377\" aria-describedby=\"caption-attachment-7377\" style=\"width: 400px\" class=\"wp-caption aligncenter\"><img fetchpriority=\"high\" decoding=\"async\" class=\"wp-image-7377 size-full\" src=\"http:\/\/www.portalalerta.com.br\/wp-content\/uploads\/2018\/05\/Edvan-Marques-da-Silva.jpg\" alt=\"\" width=\"400\" height=\"200\" srcset=\"https:\/\/www.portalalerta.com.br\/wp-content\/uploads\/2018\/05\/Edvan-Marques-da-Silva.jpg 400w, https:\/\/www.portalalerta.com.br\/wp-content\/uploads\/2018\/05\/Edvan-Marques-da-Silva-260x130.jpg 260w, https:\/\/www.portalalerta.com.br\/wp-content\/uploads\/2018\/05\/Edvan-Marques-da-Silva-50x25.jpg 50w, https:\/\/www.portalalerta.com.br\/wp-content\/uploads\/2018\/05\/Edvan-Marques-da-Silva-150x75.jpg 150w\" sizes=\"(max-width: 400px) 100vw, 400px\" \/><figcaption id=\"caption-attachment-7377\" class=\"wp-caption-text\">O pai, \u2018P\u00e9 de Meia\u2019, desconfiava dos abusos sofridos pela crian\u00e7a e s\u00f3 conseguiu recuperar a filha ap\u00f3s apresentar o caso ao programa \u201cCidade Alerta\u201d (Edi\u00e7\u00e3o Nacional) da Rede\u00a0Record. Foto: Reprodu\u00e7\u00e3o.<\/figcaption><\/figure>\n<p style=\"text-align: justify;\">J\u00e9ssica, dependente qu\u00edmica, perdeu a guarda da filha para o pai Edvan e tinha o direito de ver a menina apenas aos s\u00e1bados. Mas, depois das tr\u00eas primeiras semanas, ela descumpriu o acordo e fugiu com a crian\u00e7a com a ajuda do namorado, que tamb\u00e9m \u00e9 usu\u00e1rio de drogas.<\/p>\n<p style=\"text-align: justify;\">P\u00e9 de Meia s\u00f3 conseguiu recuperar a filha ap\u00f3s apresentar o caso ao programa \u201cCidade Alerta\u201d (Edi\u00e7\u00e3o Nacional) da Rede\u00a0Record.<\/p>\n<p style=\"text-align: justify;\"><em>Fonte: Ozildo Alves<\/em><\/p>\n","protected":false},"excerpt":{"rendered":"<p>Duas pessoas foram presas pela pol\u00edcia civil de Paulo Afonso por abuso sexual infantil, na \u00faltima quinta-feira, dia 17 de maio. Erickson Roberto dos Santos da Silva de 18 anos \u00e9 padrasto da v\u00edtima, uma garota de 6 anos. A m\u00e3e da menina, J\u00e9ssica dos Santos Andrade, tamb\u00e9m foi presa.<\/p>\n","protected":false},"author":2,"featured_media":7378,"comment_status":"closed","ping_status":"open","sticky":false,"template":"","format":"standard","meta":{"om_disable_all_campaigns":false,"_monsterinsights_skip_tracking":false,"_monsterinsights_sitenote_active":false,"_monsterinsights_sitenote_note":"","_monsterinsights_sitenote_category":0,"footnotes":""},"categories":[33,34,70,69,22],"tags":[438,118,455,1107,122],"class_list":["post-7376","post","type-post","status-publish","format-standard","has-post-thumbnail","hentry","category-bahia","category-brasil","category-destaques","category-noticias2","category-seguranca","tag-estupro-de-vulneravel","tag-paulo-afonso","tag-pernambuco","tag-petrolandia","tag-policia-civil"],"aioseo_notices":[],"_links":{"self":[{"href":"https:\/\/www.portalalerta.com.br\/index.php\/wp-json\/wp\/v2\/posts\/7376","targetHints":{"allow":["GET"]}}],"collection":[{"href":"https:\/\/www.portalalerta.com.br\/index.php\/wp-json\/wp\/v2\/posts"}],"about":[{"href":"https:\/\/www.portalalerta.com.br\/index.php\/wp-json\/wp\/v2\/types\/post"}],"author":[{"embeddable":true,"href":"https:\/\/www.portalalerta.com.br\/index.php\/wp-json\/wp\/v2\/users\/2"}],"replies":[{"embeddable":true,"href":"https:\/\/www.portalalerta.com.br\/index.php\/wp-json\/wp\/v2\/comments?post=7376"}],"version-history":[{"count":0,"href":"https:\/\/www.portalalerta.com.br\/index.php\/wp-json\/wp\/v2\/posts\/7376\/revisions"}],"wp:featuredmedia":[{"embeddable":true,"href":"https:\/\/www.portalalerta.com.br\/index.php\/wp-json\/wp\/v2\/media\/7378"}],"wp:attachment":[{"href":"https:\/\/www.portalalerta.com.br\/index.php\/wp-json\/wp\/v2\/media?parent=7376"}],"wp:term":[{"taxonomy":"category","embeddable":true,"href":"https:\/\/www.portalalerta.com.br\/index.php\/wp-json\/wp\/v2\/categories?post=7376"},{"taxonomy":"post_tag","embeddable":true,"href":"https:\/\/www.portalalerta.com.br\/index.php\/wp-json\/wp\/v2\/tags?post=7376"}],"curies":[{"name":"wp","href":"https:\/\/api.w.org\/{rel}","templated":true}]}}