{"id":74,"date":"2017-10-17T14:39:02","date_gmt":"2017-10-17T16:39:02","guid":{"rendered":"http:\/\/www.portalalerta.com.br\/?p=74"},"modified":"2017-11-22T23:13:14","modified_gmt":"2017-11-23T01:13:14","slug":"jovem-e-preso-por-injuria-racial-contra-policial-militar-em-ribeira-do-pombal","status":"publish","type":"post","link":"https:\/\/www.portalalerta.com.br\/index.php\/2017\/10\/17\/jovem-e-preso-por-injuria-racial-contra-policial-militar-em-ribeira-do-pombal\/","title":{"rendered":"JOVEM \u00c9 PRESO POR INJ\u00daRIA RACIAL CONTRA POLICIAL MILITAR EM RIBEIRA DO POMBAL"},"content":{"rendered":"<div class=\"itemIntroText\">\n<p><img fetchpriority=\"high\" decoding=\"async\" class=\"size-full wp-image-75 alignleft\" src=\"http:\/\/www.portalalerta.com.br\/wp-content\/uploads\/2017\/10\/preson.jpg\" alt=\"\" width=\"575\" height=\"360\" srcset=\"https:\/\/www.portalalerta.com.br\/wp-content\/uploads\/2017\/10\/preson.jpg 200w, https:\/\/www.portalalerta.com.br\/wp-content\/uploads\/2017\/10\/preson-50x31.jpg 50w, https:\/\/www.portalalerta.com.br\/wp-content\/uploads\/2017\/10\/preson-120x75.jpg 120w\" sizes=\"(max-width: 575px) 100vw, 575px\" \/>No in\u00edcio da noite da \u00faltima quinta-feira (12\/10), por volta das 18h20, um caso de inj\u00faria racial contra um policial militar foi registrado na Avenida Deputado Ant\u00f4nio Brito, centro de Ribeira do Pombal\/BA.<\/p>\n<\/div>\n<div class=\"itemFullText\">\n<p>De acordo com informa\u00e7\u00f5es da Pol\u00edcia Civil, em uma abordagem, durante fiscaliza\u00e7\u00e3o de ve\u00edculos, um jovem agrediu e ofendeu com termos racistas um soldado da Pol\u00edcia Militar.<\/p>\n<p>Conforme registro, policiais militares que atuam exclusivamente no Detran\/BA, estavam no centro da cidade, nas proximidades de um posto de combust\u00edveis, quando deram voz de parada a uma motocicleta Honda CG, de cor preta e placa de identifica\u00e7\u00e3o OUT-5153. O condutor, Luan Arnaut de Brito de Santana, ignorou a ordem e empreendeu fuga, sendo alcan\u00e7ado a cerca de 100 metros da barreira de fiscaliza\u00e7\u00e3o.<\/p>\n<p><img decoding=\"async\" src=\"http:\/\/pombalalerta.com.br\/images\/josejorgenascimentofilho.jpg\" alt=\"\" border=\"0\" \/>Policial Militar Jos\u00e9 Jorge Nascimento Filho (v\u00edtima) em entrevista \u00e0 R\u00e1dio Povo.<\/p>\n<p><img decoding=\"async\" src=\"http:\/\/pombalalerta.com.br\/images\/realcalcadosn.jpg\" border=\"0\" \/>Durante a abordagem, o jovem se negou a entregar o documento do ve\u00edculo, al\u00e9m de ser constatada a aus\u00eancia de lacre na placa. Na sequ\u00eancia, ele empurrou o policial Rafael dos Santos e disse em voz alta, segundo a ocorr\u00eancia: \u201cVoc\u00eas n\u00e3o podem fazer isso. Voc\u00eas n\u00e3o s\u00e3o nada. Trabalho na Prefeitura\u201d.<\/p>\n<p>Em seguida, ap\u00f3s receber voz de pris\u00e3o, o condutor proferiu termos racistas contra outro policial, o soldado Jos\u00e9 Jorge Nascimento Filho. \u201cVoc\u00ea \u00e9 o qu\u00ea? Seu neguinho, preto de merda\u201d, afirma o registro policial.<\/p>\n<p>Luan foi levado para a Delegacia de Pol\u00edcia Civil da cidade, onde foi liberado na manh\u00e3 desta sexta-feira (13\/10), ap\u00f3s pagamento de fian\u00e7a arbitrada em um sal\u00e1rio m\u00ednimo (R$ 937,00).<\/p>\n<p><em>Fonte: R\u00e1dio Povo\u00a0<\/em><\/p>\n<p>&nbsp;<\/p>\n<\/div>\n","protected":false},"excerpt":{"rendered":"<p>No in\u00edcio da noite da \u00faltima quinta-feira (12\/10), por volta das 18h20, um caso de inj\u00faria racial contra um policial militar foi registrado na Avenida Deputado Ant\u00f4nio Brito, centro de Ribeira do Pombal\/BA. De acordo com informa\u00e7\u00f5es da Pol\u00edcia Civil, em uma abordagem, durante fiscaliza\u00e7\u00e3o de ve\u00edculos, um jovem agrediu e ofendeu com termos racistas &hellip;<\/p>\n","protected":false},"author":1,"featured_media":75,"comment_status":"closed","ping_status":"closed","sticky":false,"template":"","format":"standard","meta":{"om_disable_all_campaigns":false,"_monsterinsights_skip_tracking":false,"_monsterinsights_sitenote_active":false,"_monsterinsights_sitenote_note":"","_monsterinsights_sitenote_category":0,"footnotes":""},"categories":[3],"tags":[],"class_list":["post-74","post","type-post","status-publish","format-standard","has-post-thumbnail","hentry","category-ribeira-do-pombal"],"aioseo_notices":[],"_links":{"self":[{"href":"https:\/\/www.portalalerta.com.br\/index.php\/wp-json\/wp\/v2\/posts\/74","targetHints":{"allow":["GET"]}}],"collection":[{"href":"https:\/\/www.portalalerta.com.br\/index.php\/wp-json\/wp\/v2\/posts"}],"about":[{"href":"https:\/\/www.portalalerta.com.br\/index.php\/wp-json\/wp\/v2\/types\/post"}],"author":[{"embeddable":true,"href":"https:\/\/www.portalalerta.com.br\/index.php\/wp-json\/wp\/v2\/users\/1"}],"replies":[{"embeddable":true,"href":"https:\/\/www.portalalerta.com.br\/index.php\/wp-json\/wp\/v2\/comments?post=74"}],"version-history":[{"count":0,"href":"https:\/\/www.portalalerta.com.br\/index.php\/wp-json\/wp\/v2\/posts\/74\/revisions"}],"wp:featuredmedia":[{"embeddable":true,"href":"https:\/\/www.portalalerta.com.br\/index.php\/wp-json\/wp\/v2\/media\/75"}],"wp:attachment":[{"href":"https:\/\/www.portalalerta.com.br\/index.php\/wp-json\/wp\/v2\/media?parent=74"}],"wp:term":[{"taxonomy":"category","embeddable":true,"href":"https:\/\/www.portalalerta.com.br\/index.php\/wp-json\/wp\/v2\/categories?post=74"},{"taxonomy":"post_tag","embeddable":true,"href":"https:\/\/www.portalalerta.com.br\/index.php\/wp-json\/wp\/v2\/tags?post=74"}],"curies":[{"name":"wp","href":"https:\/\/api.w.org\/{rel}","templated":true}]}}