{"id":74151,"date":"2025-07-29T19:36:52","date_gmt":"2025-07-29T22:36:52","guid":{"rendered":"https:\/\/www.portalalerta.com.br\/?p=74151"},"modified":"2025-07-29T19:36:53","modified_gmt":"2025-07-29T22:36:53","slug":"carla-zambelli-presa-na-italia-autoridades-tem-48-horas-para-validar-prisao-diz-pf","status":"publish","type":"post","link":"https:\/\/www.portalalerta.com.br\/index.php\/2025\/07\/29\/carla-zambelli-presa-na-italia-autoridades-tem-48-horas-para-validar-prisao-diz-pf\/","title":{"rendered":"Carla Zambelli presa na It\u00e1lia: autoridades t\u00eam 48 horas para validar pris\u00e3o, diz PF"},"content":{"rendered":"\n<p><strong>Diretor da PF, Andrei Rodrigues, confirmou a pris\u00e3o da deputada ao blog. Autoridades italianas t\u00eam 48 horas para decidir sobre valida\u00e7\u00e3o da pris\u00e3o e, segundo a PF, s\u00f3 depois definir\u00e1 audi\u00eancia para extradi\u00e7\u00e3o.<\/strong><\/p>\n\n\n\n<!--more-->\n\n\n\n<p><strong>Deputada Carla Zambelli \u00e9 presa na It\u00e1lia, diz Minist\u00e9rio da Justi\u00e7a<\/strong><\/p>\n\n\n\n<p><strong>A deputada federal Carla Zambelli foi presa na tarde desta ter\u00e7a-feira (29) na It\u00e1lia, confirmou ao&nbsp;blog&nbsp;o diretor-geral da Pol\u00edcia Federal (PF), Andrei Rodrigues.<\/strong><\/p>\n\n\n\n<p><strong>Zambelli foi presa pela pol\u00edcia italiana e, segundo a PF, houve intensa colabora\u00e7\u00e3o entre as corpora\u00e7\u00f5es do Brasil e da It\u00e1lia para efetuar a pris\u00e3o.<\/strong><\/p>\n\n\n<div class=\"wp-block-image\">\n<figure class=\"alignleft size-large is-resized\"><img decoding=\"async\" src=\"https:\/\/www.portalalerta.com.br\/wp-content\/uploads\/2025\/06\/Real-Sao-Joao-2025-819x1024.jpg\" alt=\"\" class=\"wp-image-72448\" width=\"435\" srcset=\"https:\/\/www.portalalerta.com.br\/wp-content\/uploads\/2025\/06\/Real-Sao-Joao-2025-819x1024.jpg 819w, https:\/\/www.portalalerta.com.br\/wp-content\/uploads\/2025\/06\/Real-Sao-Joao-2025-192x240.jpg 192w, https:\/\/www.portalalerta.com.br\/wp-content\/uploads\/2025\/06\/Real-Sao-Joao-2025-768x960.jpg 768w, https:\/\/www.portalalerta.com.br\/wp-content\/uploads\/2025\/06\/Real-Sao-Joao-2025.jpg 1024w\" sizes=\"(max-width: 819px) 100vw, 819px\" \/><\/figure><\/div>\n\n\n<p><strong>A PF explica que, se for presa definitivamente, em at\u00e9 48 horas haver\u00e1 a valida\u00e7\u00e3o e a defini\u00e7\u00e3o da audi\u00eancia para decidir sobre o processo de extradi\u00e7\u00e3o.<\/strong><\/p>\n\n\n\n<p><strong>&#8220;A coopera\u00e7\u00e3o internacional foi fundamental, entre a PF e policia italiana pela adid\u00e2ncia. Foi presa h\u00e1 instantes e levada para uma delegacia da policia italiana&#8221;, disse Andrei Rodrigues ao&nbsp;blog.<\/strong><\/p>\n\n\n\n<p><strong>&#8220;Agora ouvir\u00e3o a Autoridade Judici\u00e1ria que vai dar encaminhamento em 48 horas. Pode ser pris\u00e3o domiciliar, soltar ou encaminhar processo de extradi\u00e7\u00e3o\u201d, afirmou o diretor da PF.<\/strong><\/p>\n\n\n\n<p><strong>Infogr\u00e1fico mostra fuga de Carla Zambelli at\u00e9 pris\u00e3o na It\u00e1lia. \u2014 Foto: Arte\/g1<\/strong><\/p>\n\n\n\n<p><strong>Em 14 de maio, Zambelli foi condenada por unanimidade pela invas\u00e3o aos sistemas do Conselho Nacional de Justi\u00e7a (CNJ) e falsidade ideol\u00f3gica.<\/strong><\/p>\n\n\n\n<p><strong>De acordo com a den\u00fancia, a deputada orientou o hacker Walter Delgatti Neto a invadir o sistema para inserir documentos falsos, incluindo um mandado de pris\u00e3o contra o ministro do STF Alexandre de Moraes.<\/strong><\/p>\n\n\n\n<p><strong>Zambelli deixou o pa\u00eds pela fronteira com a Argentina e estava na It\u00e1lia &#8212; a parlamentar tem cidadania italiana. Em junho, ela teve o nome inserido na lista de procurados da Interpol e teve condena\u00e7\u00e3o mantida pela 1\u00aa turma do Supremo Tribunal Federal (STF).<\/strong><\/p>\n\n\n\n<p><strong>Investiga\u00e7\u00f5es<\/strong><\/p>\n\n\n\n<p><strong>Zambelli tamb\u00e9m \u00e9 investigada em dois inqu\u00e9ritos sigilosos no STF. Um deles, \u00e9 o chamado \u201cinqu\u00e9rito das fake news\u201d, que apura a dissemina\u00e7\u00e3o de not\u00edcias falsas e ataques a ministros do Supremo.<\/strong><\/p>\n\n\n\n<p><strong>O outro, o inqu\u00e9rito das mil\u00edcias digitais, investiga a suposta participa\u00e7\u00e3o da deputada em articula\u00e7\u00f5es golpistas ap\u00f3s o resultado das elei\u00e7\u00f5es de 2022.<\/strong><\/p>\n\n\n\n<p><em>Fonte: G1<\/em><\/p>\n","protected":false},"excerpt":{"rendered":"<p>Diretor da PF, Andrei Rodrigues, confirmou a pris\u00e3o da deputada ao blog. Autoridades italianas t\u00eam 48 horas para decidir sobre valida\u00e7\u00e3o da pris\u00e3o e, segundo a PF, s\u00f3 depois definir\u00e1 audi\u00eancia para extradi\u00e7\u00e3o.<\/p>\n","protected":false},"author":2,"featured_media":72444,"comment_status":"open","ping_status":"open","sticky":false,"template":"","format":"standard","meta":{"om_disable_all_campaigns":false,"_monsterinsights_skip_tracking":false,"_monsterinsights_sitenote_active":false,"_monsterinsights_sitenote_note":"","_monsterinsights_sitenote_category":0,"footnotes":""},"categories":[34,70,35,69,21],"tags":[100,71,48,93,3656,75,4178,4180,129,107,4181,719,132,230,339,106,203,120,51,84,109,88,47,111,190],"class_list":["post-74151","post","type-post","status-publish","format-standard","has-post-thumbnail","hentry","category-brasil","category-destaques","category-mundo","category-noticias2","category-politica","tag-adustina","tag-antas","tag-araci","tag-brasil","tag-carla-zambelli","tag-cicero-dantas","tag-cipo-2","tag-crisopolis-2","tag-euclides-da-cunha","tag-fatima","tag-heliopolis-2","tag-italia","tag-itapicuru","tag-jeremoabo","tag-mundo","tag-nova-soure","tag-novo-triunfo","tag-olindina","tag-paripiranga","tag-presa","tag-quijingue","tag-ribeira-do-amparo","tag-ribeira-do-pombal","tag-sitio-do-quinto","tag-tucano"],"aioseo_notices":[],"_links":{"self":[{"href":"https:\/\/www.portalalerta.com.br\/index.php\/wp-json\/wp\/v2\/posts\/74151","targetHints":{"allow":["GET"]}}],"collection":[{"href":"https:\/\/www.portalalerta.com.br\/index.php\/wp-json\/wp\/v2\/posts"}],"about":[{"href":"https:\/\/www.portalalerta.com.br\/index.php\/wp-json\/wp\/v2\/types\/post"}],"author":[{"embeddable":true,"href":"https:\/\/www.portalalerta.com.br\/index.php\/wp-json\/wp\/v2\/users\/2"}],"replies":[{"embeddable":true,"href":"https:\/\/www.portalalerta.com.br\/index.php\/wp-json\/wp\/v2\/comments?post=74151"}],"version-history":[{"count":1,"href":"https:\/\/www.portalalerta.com.br\/index.php\/wp-json\/wp\/v2\/posts\/74151\/revisions"}],"predecessor-version":[{"id":74152,"href":"https:\/\/www.portalalerta.com.br\/index.php\/wp-json\/wp\/v2\/posts\/74151\/revisions\/74152"}],"wp:featuredmedia":[{"embeddable":true,"href":"https:\/\/www.portalalerta.com.br\/index.php\/wp-json\/wp\/v2\/media\/72444"}],"wp:attachment":[{"href":"https:\/\/www.portalalerta.com.br\/index.php\/wp-json\/wp\/v2\/media?parent=74151"}],"wp:term":[{"taxonomy":"category","embeddable":true,"href":"https:\/\/www.portalalerta.com.br\/index.php\/wp-json\/wp\/v2\/categories?post=74151"},{"taxonomy":"post_tag","embeddable":true,"href":"https:\/\/www.portalalerta.com.br\/index.php\/wp-json\/wp\/v2\/tags?post=74151"}],"curies":[{"name":"wp","href":"https:\/\/api.w.org\/{rel}","templated":true}]}}