{"id":74275,"date":"2025-08-04T09:00:00","date_gmt":"2025-08-04T12:00:00","guid":{"rendered":"https:\/\/www.portalalerta.com.br\/?p=74275"},"modified":"2025-08-03T20:04:47","modified_gmt":"2025-08-03T23:04:47","slug":"viacao-regional-anuncia-encerramento-incerteza-atinge-diversas-cidades-da-regiao","status":"publish","type":"post","link":"https:\/\/www.portalalerta.com.br\/index.php\/2025\/08\/04\/viacao-regional-anuncia-encerramento-incerteza-atinge-diversas-cidades-da-regiao\/","title":{"rendered":"Via\u00e7\u00e3o Regional anuncia encerramento; incerteza atinge diversas cidades da regi\u00e3o"},"content":{"rendered":"\n<p>A Via\u00e7\u00e3o Regional anunciou que encerra todas as rotas a partir de 1\u00ba de setembro. O an\u00fancio, feito nas redes sociais da empresa, atinge diretamente quem depende da linha Paulo Afonso-Salvador e de conex\u00f5es com mais de 100 munic\u00edpios baianos.<\/p>\n\n\n\n<!--more-->\n\n\n\n<p><strong>Crise no transporte intermunicipal:<\/strong> o que muda a partir de 1\u00ba de setembro? Fundada em 1995, um transporte regional cerca de 2 milh\u00f5es de passageiros por ano, opera 70 \u00f4nibus e emprega mais de 300 trabalhadores. A partir de setembro, essas viagens \u2014 inclusive as quatro sa\u00eddas di\u00e1rias de Paulo Afonso para Salvador \u2014 dever\u00e3o ser operadas pela Via\u00e7\u00e3o Cidade Sol, segundo o Sindicato dos Rodovi\u00e1rios Metropolitanos.<\/p>\n\n\n\n<p><strong>Monop\u00f3lio \u00e0 vista?<\/strong> Com uma nova divis\u00e3o, o Grupo Carleto (Cidade Sol + Rota) passa a dominar a maior fatia do transporte intermunicipal baiano \u2014 fato que o sindicato classifica como <strong><em>\u201co maior monop\u00f3lio de todos os tempos\u201d<\/em><\/strong> e que desperta d\u00favidas sobre tarifas e qualidade. Ser\u00e1 que a mudan\u00e7a trar\u00e1 \u00f4nibus mais novos ou passagens mais caras? A Cidade Sol, que j\u00e1 opera mais de mil \u00f4nibus no estado, afirma que manter\u00e1 hor\u00e1rios e estudar frota com ar-condicionado, mas n\u00e3o falou em pre\u00e7os.<\/p>\n\n\n\n<p><em>Fonte: Joilson Costa<\/em><\/p>\n\n\n\n<p><em>Com informa\u00e7\u00f5es: Chico Sabe Tudo<\/em><\/p>\n","protected":false},"excerpt":{"rendered":"<p>A Via\u00e7\u00e3o Regional anunciou que encerra todas as rotas a partir de 1\u00ba de setembro. O an\u00fancio, feito nas redes sociais da empresa, atinge diretamente quem depende da linha Paulo Afonso-Salvador e de conex\u00f5es com mais de 100 munic\u00edpios baianos.<\/p>\n","protected":false},"author":2,"featured_media":74270,"comment_status":"open","ping_status":"open","sticky":false,"template":"","format":"standard","meta":{"om_disable_all_campaigns":false,"_monsterinsights_skip_tracking":false,"_monsterinsights_sitenote_active":false,"_monsterinsights_sitenote_note":"","_monsterinsights_sitenote_category":0,"footnotes":""},"categories":[40,5,41,33,39,4,13,70,10,6,18,9,69,14,8,15,11,21,32,16,3,7],"tags":[100,71,48,75,4178,4180,129,107,4181,132,230,106,203,120,51,109,88,47,111,190,8222,8221,8223],"class_list":["post-74275","post","type-post","status-publish","format-standard","has-post-thumbnail","hentry","category-adustina","category-antas","category-araci","category-bahia","category-banzae","category-cicero-dantas","category-cipo","category-destaques","category-fatima","category-heliopolis","category-itapicuru","category-jeremoabo","category-noticias2","category-nova-soure","category-novo-triunfo","category-olindina","category-paripiranga","category-politica","category-regiao","category-ribeira-do-amparo","category-ribeira-do-pombal","category-sitio-do-quinto","tag-adustina","tag-antas","tag-araci","tag-cicero-dantas","tag-cipo-2","tag-crisopolis-2","tag-euclides-da-cunha","tag-fatima","tag-heliopolis-2","tag-itapicuru","tag-jeremoabo","tag-nova-soure","tag-novo-triunfo","tag-olindina","tag-paripiranga","tag-quijingue","tag-ribeira-do-amparo","tag-ribeira-do-pombal","tag-sitio-do-quinto","tag-tucano","tag-viacao-cidade-do-sol","tag-viacao-regional","tag-viacao-rota"],"aioseo_notices":[],"_links":{"self":[{"href":"https:\/\/www.portalalerta.com.br\/index.php\/wp-json\/wp\/v2\/posts\/74275","targetHints":{"allow":["GET"]}}],"collection":[{"href":"https:\/\/www.portalalerta.com.br\/index.php\/wp-json\/wp\/v2\/posts"}],"about":[{"href":"https:\/\/www.portalalerta.com.br\/index.php\/wp-json\/wp\/v2\/types\/post"}],"author":[{"embeddable":true,"href":"https:\/\/www.portalalerta.com.br\/index.php\/wp-json\/wp\/v2\/users\/2"}],"replies":[{"embeddable":true,"href":"https:\/\/www.portalalerta.com.br\/index.php\/wp-json\/wp\/v2\/comments?post=74275"}],"version-history":[{"count":2,"href":"https:\/\/www.portalalerta.com.br\/index.php\/wp-json\/wp\/v2\/posts\/74275\/revisions"}],"predecessor-version":[{"id":74288,"href":"https:\/\/www.portalalerta.com.br\/index.php\/wp-json\/wp\/v2\/posts\/74275\/revisions\/74288"}],"wp:featuredmedia":[{"embeddable":true,"href":"https:\/\/www.portalalerta.com.br\/index.php\/wp-json\/wp\/v2\/media\/74270"}],"wp:attachment":[{"href":"https:\/\/www.portalalerta.com.br\/index.php\/wp-json\/wp\/v2\/media?parent=74275"}],"wp:term":[{"taxonomy":"category","embeddable":true,"href":"https:\/\/www.portalalerta.com.br\/index.php\/wp-json\/wp\/v2\/categories?post=74275"},{"taxonomy":"post_tag","embeddable":true,"href":"https:\/\/www.portalalerta.com.br\/index.php\/wp-json\/wp\/v2\/tags?post=74275"}],"curies":[{"name":"wp","href":"https:\/\/api.w.org\/{rel}","templated":true}]}}