{"id":74885,"date":"2025-08-25T06:00:00","date_gmt":"2025-08-25T09:00:00","guid":{"rendered":"https:\/\/www.portalalerta.com.br\/?p=74885"},"modified":"2025-08-24T21:35:27","modified_gmt":"2025-08-25T00:35:27","slug":"mulher-e-morta-a-tiros-dentro-de-bar-em-euclides-da-cunha-ba","status":"publish","type":"post","link":"https:\/\/www.portalalerta.com.br\/index.php\/2025\/08\/25\/mulher-e-morta-a-tiros-dentro-de-bar-em-euclides-da-cunha-ba\/","title":{"rendered":"Mulher \u00e9 morta a tiros dentro de bar , em Euclides da Cunha-BA"},"content":{"rendered":"\n<p>Crime aconteceu na noite de s\u00e1bado (23); v\u00edtima conhecida como \u201cFia\u201d foi surpreendida dentro de seu pr\u00f3prio estabelecimento<\/p>\n\n\n\n<!--more-->\n\n\n\n<p>Na noite de s\u00e1bado, 23 de agosto de 2025, uma mulher foi assassinada a tiros dentro do bar onde tamb\u00e9m residia, no conjunto habitacional Casinhas, em Euclides da Cunha (BA). A v\u00edtima, identificada popularmente como \u201cFia do Bar\u201d, foi surpreendida por disparos de arma de fogo em pleno funcionamento do local.<\/p>\n\n\n\n<p>Segundo informa\u00e7\u00f5es preliminares, al\u00e9m dela, um jovem que estava presente tamb\u00e9m foi atingido de rasp\u00e3o, mas sobreviveu e recebeu atendimento m\u00e9dico. A autoria e motiva\u00e7\u00e3o do crime ainda n\u00e3o foram esclarecidas.<\/p>\n\n\n\n<p><strong>Contexto do crime em Euclides da Cunha<\/strong><\/p>\n\n\n\n<p>O homic\u00eddio ocorreu por volta das 21h, hor\u00e1rio em que o bar estava em funcionamento e contava com clientes. De acordo com relatos de moradores, a v\u00edtima era bastante conhecida na comunidade por administrar o estabelecimento e manter contato frequente com vizinhos e frequentadores.<\/p>\n\n\n\n<p>Testemunhas relataram que um homem armado chegou ao local e efetuou os disparos contra a mulher, sem dar chance de defesa. A cena gerou p\u00e2nico entre os presentes, que correram em busca de abrigo.<\/p>\n\n\n\n<p><strong>Investiga\u00e7\u00e3o policial em andamento<\/strong><\/p>\n\n\n\n<p>A Pol\u00edcia Militar foi acionada logo ap\u00f3s os disparos, mas, ao chegar ao local, a v\u00edtima j\u00e1 havia sido atingida fatalmente. O outro homem baleado foi socorrido e n\u00e3o corre risco de morte.<\/p>\n\n\n\n<p>A ocorr\u00eancia foi registrada na Delegacia Territorial de Euclides da Cunha, que ficar\u00e1 respons\u00e1vel pelas investiga\u00e7\u00f5es. A Pol\u00edcia Civil deve ouvir testemunhas e buscar imagens de c\u00e2meras de seguran\u00e7a na regi\u00e3o para tentar identificar o autor dos disparos e esclarecer as motiva\u00e7\u00f5es do crime.<\/p>\n\n\n\n<p><strong>Impacto para a comunidade local<\/strong><\/p>\n\n\n\n<p>A morte de \u201cFia do Bar\u201d n\u00e3o representa apenas uma estat\u00edstica criminal. Para muitos moradores, ela simbolizava uma figura pr\u00f3xima, dona de um espa\u00e7o de conviv\u00eancia que reunia vizinhos e amigos. O clima de tristeza e indigna\u00e7\u00e3o se espalhou rapidamente pelas redes sociais, onde familiares e conhecidos lamentaram a perda.<\/p>\n\n\n\n<p><strong>Expectativa por justi\u00e7a<\/strong><\/p>\n\n\n\n<p>A comunidade aguarda respostas das autoridades para que o crime n\u00e3o fique impune. O homic\u00eddio brutal reacende questionamentos sobre a efetividade do sistema de seguran\u00e7a p\u00fablica e sobre a vulnerabilidade de mulheres que trabalham em bares e estabelecimentos noturnos.<\/p>\n\n\n\n<p>Enquanto isso, familiares e amigos se mobilizam para prestar as \u00faltimas homenagens \u00e0 v\u00edtima, ao mesmo tempo em que exigem uma investiga\u00e7\u00e3o c\u00e9lere e transparente.<\/p>\n\n\n\n<p><em>Fonte: Euclides Di\u00e1rio<\/em><\/p>\n\n\n\n<p><em>Com informa\u00e7\u00f5es de:<a href=\"https:\/\/www.portaleuclidense.com.br\/noticia\/76857\/mulher-e-morta-a-tiros-dentro-de-bar-nas-casinhas-em-euclides-da-cunha\" target=\"_blank\" rel=\"noreferrer noopener\">&nbsp;Portal Euclidense<\/a><\/em><\/p>\n","protected":false},"excerpt":{"rendered":"<p>Crime aconteceu na noite de s\u00e1bado (23); v\u00edtima conhecida como \u201cFia\u201d foi surpreendida dentro de seu pr\u00f3prio estabelecimento<\/p>\n","protected":false},"author":2,"featured_media":74884,"comment_status":"open","ping_status":"open","sticky":false,"template":"","format":"standard","meta":{"om_disable_all_campaigns":false,"_monsterinsights_skip_tracking":false,"_monsterinsights_sitenote_active":false,"_monsterinsights_sitenote_note":"","_monsterinsights_sitenote_category":0,"footnotes":""},"categories":[70,17,69,32,22],"tags":[100,71,48,75,4178,4180,375,129,107,4181,206,132,230,169,106,203,120,51,109,88,47,111,190],"class_list":["post-74885","post","type-post","status-publish","format-standard","has-post-thumbnail","hentry","category-destaques","category-euclides-da-cunha","category-noticias2","category-regiao","category-seguranca","tag-adustina","tag-antas","tag-araci","tag-cicero-dantas","tag-cipo-2","tag-crisopolis-2","tag-disparos-de-arma-de-fogo","tag-euclides-da-cunha","tag-fatima","tag-heliopolis-2","tag-homicidio","tag-itapicuru","tag-jeremoabo","tag-morte","tag-nova-soure","tag-novo-triunfo","tag-olindina","tag-paripiranga","tag-quijingue","tag-ribeira-do-amparo","tag-ribeira-do-pombal","tag-sitio-do-quinto","tag-tucano"],"aioseo_notices":[],"_links":{"self":[{"href":"https:\/\/www.portalalerta.com.br\/index.php\/wp-json\/wp\/v2\/posts\/74885","targetHints":{"allow":["GET"]}}],"collection":[{"href":"https:\/\/www.portalalerta.com.br\/index.php\/wp-json\/wp\/v2\/posts"}],"about":[{"href":"https:\/\/www.portalalerta.com.br\/index.php\/wp-json\/wp\/v2\/types\/post"}],"author":[{"embeddable":true,"href":"https:\/\/www.portalalerta.com.br\/index.php\/wp-json\/wp\/v2\/users\/2"}],"replies":[{"embeddable":true,"href":"https:\/\/www.portalalerta.com.br\/index.php\/wp-json\/wp\/v2\/comments?post=74885"}],"version-history":[{"count":1,"href":"https:\/\/www.portalalerta.com.br\/index.php\/wp-json\/wp\/v2\/posts\/74885\/revisions"}],"predecessor-version":[{"id":74886,"href":"https:\/\/www.portalalerta.com.br\/index.php\/wp-json\/wp\/v2\/posts\/74885\/revisions\/74886"}],"wp:featuredmedia":[{"embeddable":true,"href":"https:\/\/www.portalalerta.com.br\/index.php\/wp-json\/wp\/v2\/media\/74884"}],"wp:attachment":[{"href":"https:\/\/www.portalalerta.com.br\/index.php\/wp-json\/wp\/v2\/media?parent=74885"}],"wp:term":[{"taxonomy":"category","embeddable":true,"href":"https:\/\/www.portalalerta.com.br\/index.php\/wp-json\/wp\/v2\/categories?post=74885"},{"taxonomy":"post_tag","embeddable":true,"href":"https:\/\/www.portalalerta.com.br\/index.php\/wp-json\/wp\/v2\/tags?post=74885"}],"curies":[{"name":"wp","href":"https:\/\/api.w.org\/{rel}","templated":true}]}}