{"id":74887,"date":"2025-08-25T06:01:00","date_gmt":"2025-08-25T09:01:00","guid":{"rendered":"https:\/\/www.portalalerta.com.br\/?p=74887"},"modified":"2025-08-24T22:57:47","modified_gmt":"2025-08-25T01:57:47","slug":"maduro-convoca-jornada-de-alistamento-em-meio-a-tensao-com-eua","status":"publish","type":"post","link":"https:\/\/www.portalalerta.com.br\/index.php\/2025\/08\/25\/maduro-convoca-jornada-de-alistamento-em-meio-a-tensao-com-eua\/","title":{"rendered":"Maduro convoca jornada de alistamento em meio \u00e0 tens\u00e3o com EUA"},"content":{"rendered":"\n<p>A\u00e7\u00e3o acontece em meio \u00e0 mobiliza\u00e7\u00e3o de navios de guerra dos Estados Unidos no Caribe para combater narcotr\u00e1fico<\/p>\n\n\n\n<!--more-->\n\n\n\n<p>Centenas de venezuelanos compareceram no s\u00e1bado (23) a pra\u00e7as e quart\u00e9is do pa\u00eds em resposta ao chamado do ditador Nicol\u00e1s Maduro para se alistar e contribuir com tarefas de seguran\u00e7a. O objetivo, segundo o chavista, \u00e9 fortalecer a resposta diante de amea\u00e7as externas, em meio ao aumento da tens\u00e3o com os Estados Unidos.<\/p>\n\n\n\n<p>\u201cConvoco todos os milicianos e todo o povo que queira se alistar\u201d, declarou Maduro em sua convoca\u00e7\u00e3o para a jornada, \u201cpara dizer ao imperialismo: basta dessas amea\u00e7as\u201d.<\/p>\n\n\n\n<p>O chamado do governo sul-americano ocorre em meio \u00e0 expectativa sobre a movimenta\u00e7\u00e3o de tr\u00eas navios de guerra dos Estados Unidos em dire\u00e7\u00e3o ao Caribe para combater o narcotr\u00e1fico na regi\u00e3o, segundo informou o governo de Donald Trump.<\/p>\n\n\n\n<p>Ainda n\u00e3o h\u00e1 uma data confirmada para a chegada dessas embarca\u00e7\u00f5es \u00e0s costas venezuelanas. Embora fontes americanas tenham indicado que isso poderia levar meses, h\u00e1 expectativa nos Estados Unidos de que possam chegar antes, possivelmente nos pr\u00f3ximos dias.<\/p>\n\n\n\n<p>No in\u00edcio de agosto, os Estados Unidos dobraram para 50 milh\u00f5es de d\u00f3lares a recompensa pela captura de Maduro, acusado formalmente pela Justi\u00e7a americana por narcoterrorismo.<\/p>\n\n\n\n<p>Al\u00e9m disso, anunciaram a apreens\u00e3o de 700 milh\u00f5es de d\u00f3lares em bens ligados ao governo venezuelano, medidas que intensificaram a tens\u00e3o entre os dois pa\u00edses.<\/p>\n\n\n\n<p>O ministro da Defesa da Venezuela, Vladimiro Padrino, afirmou no s\u00e1bado, em coletiva de imprensa, que o alistamento \u00e9 uma a\u00e7\u00e3o \u201ceminentemente popular\u201d e \u201cvolunt\u00e1ria\u201d, de \u201crejei\u00e7\u00e3o \u00e0s agress\u00f5es imperialistas\u201d. Ele destacou que as diferen\u00e7as com os Estados Unidos n\u00e3o s\u00e3o novas.<\/p>\n\n\n\n<p>A ditadura venezuelana adotou medidas como a proibi\u00e7\u00e3o do sobrevoo de drones por um m\u00eas. Tamb\u00e9m buscou apoio de pa\u00edses vizinhos, como os que integram a Alba (Alian\u00e7a Bolivariana para os Povos da Nossa Am\u00e9rica).<\/p>\n\n\n\n<p>A entidade condenou o envio de navios ao Caribe, classificando-o como uma \u201camea\u00e7a \u00e0 paz e \u00e0 estabilidade da regi\u00e3o\u201d. O bloco \u00e9 formado por oito pa\u00edses, entre eles Cuba e Nicar\u00e1gua.<\/p>\n\n\n\n<p>Na quinta-feira, Maduro oficializou a incorpora\u00e7\u00e3o de 4,5 milh\u00f5es de milicianos \u00e0s tarefas de seguran\u00e7a cidad\u00e3 em diversas comunidades do pa\u00eds para \u201cfortalecer a capacidade log\u00edstica e organizativa necess\u00e1ria para garantir a seguran\u00e7a e a defesa do territ\u00f3rio nacional\u201d.<\/p>\n\n\n\n<p>As mil\u00edcias foram criadas na Venezuela pelo falecido Hugo Ch\u00e1vez (1999-2013) para integrar cidad\u00e3os volunt\u00e1rios \u00e0s For\u00e7as Armadas na defesa contra ataques externos e internos. Elas recebem treinamento militar e participam de exerc\u00edcios militares frequentes.<\/p>\n\n\n\n<p>Estima-se que as For\u00e7as Armadas regulares do pa\u00eds contem com cerca de 200 mil integrantes.<\/p>\n\n\n\n<p>Perguntas e respostas<\/p>\n\n\n\n<p>Qual foi a convoca\u00e7\u00e3o feita por Nicol\u00e1s Maduro?<\/p>\n\n\n\n<p>Nicol\u00e1s Maduro convocou centenas de venezuelanos para se alistarem e contribu\u00edrem com tarefas de seguran\u00e7a, com o objetivo de fortalecer a resposta a amea\u00e7as externas, especialmente em meio ao aumento da tens\u00e3o com os Estados Unidos.<\/p>\n\n\n\n<p>O que Maduro disse em sua convoca\u00e7\u00e3o?<\/p>\n\n\n\n<p>Maduro declarou: \u201cConvoco todos os milicianos e todo o povo que queira se alistar para dizer ao imperialismo: basta dessas amea\u00e7as\u201d.<\/p>\n\n\n\n<p>Qual \u00e9 o contexto da convoca\u00e7\u00e3o de Maduro?<\/p>\n\n\n\n<p>A convoca\u00e7\u00e3o ocorre em meio \u00e0 movimenta\u00e7\u00e3o de tr\u00eas navios de guerra dos Estados Unidos em dire\u00e7\u00e3o ao Caribe, com a inten\u00e7\u00e3o de combater o narcotr\u00e1fico na regi\u00e3o, conforme informado pelo governo americano.<\/p>\n\n\n\n<p>Quando os navios dos Estados Unidos devem chegar \u00e0 Venezuela?<\/p>\n\n\n\n<p>Ainda n\u00e3o h\u00e1 uma data confirmada para a chegada dos navios \u00e0s costas venezuelanas. Fontes americanas indicaram que isso poderia levar meses, mas h\u00e1 expectativa de que possam chegar antes, possivelmente nos pr\u00f3ximos dias.<\/p>\n\n\n\n<p>Qual foi a recompensa oferecida pelos Estados Unidos pela captura de Maduro?<\/p>\n\n\n\n<p>No in\u00edcio de agosto, os Estados Unidos aumentaram a recompensa pela captura de Maduro para 50 milh\u00f5es de d\u00f3lares, devido a acusa\u00e7\u00f5es formais de narcoterrorismo.<\/p>\n\n\n\n<p>Quais medidas os Estados Unidos tomaram contra o governo venezuelano?<\/p>\n\n\n\n<p>Os Estados Unidos anunciaram a apreens\u00e3o de 700 milh\u00f5es de d\u00f3lares em bens ligados ao governo venezuelano, o que intensificou a tens\u00e3o entre os dois pa\u00edses.<\/p>\n\n\n\n<p>Como o governo venezuelano descreveu a a\u00e7\u00e3o de alistamento?<\/p>\n\n\n\n<p>O ministro da Defesa da Venezuela, Vladimiro Padrino, afirmou que o alistamento \u00e9 uma a\u00e7\u00e3o \u201ceminentemente popular\u201d e \u201cvolunt\u00e1ria\u201d, em rejei\u00e7\u00e3o \u00e0s agress\u00f5es imperialistas, destacando que as diferen\u00e7as com os Estados Unidos n\u00e3o s\u00e3o novas.<\/p>\n\n\n\n<p>Quais medidas a Venezuela adotou em resposta \u00e0 situa\u00e7\u00e3o?<\/p>\n\n\n\n<p>A Venezuela adotou medidas como a proibi\u00e7\u00e3o do sobrevoo de drones por um m\u00eas e buscou apoio de pa\u00edses vizinhos que fazem parte da Alba (Alian\u00e7a Bolivariana para os Povos da Nossa Am\u00e9rica), que condenou o envio dos navios ao Caribe.<\/p>\n\n\n\n<p>Qual foi a a\u00e7\u00e3o oficial de Maduro em rela\u00e7\u00e3o \u00e0s mil\u00edcias?<\/p>\n\n\n\n<p>Na quinta-feira, Maduro oficializou a incorpora\u00e7\u00e3o de 4,5 milh\u00f5es de milicianos \u00e0s tarefas de seguran\u00e7a cidad\u00e3 em diversas comunidades do pa\u00eds, visando fortalecer a capacidade log\u00edstica e organizativa para garantir a seguran\u00e7a e defesa do territ\u00f3rio nacional.<\/p>\n\n\n\n<p>Qual \u00e9 a origem das mil\u00edcias na Venezuela?<\/p>\n\n\n\n<p>As mil\u00edcias foram criadas na Venezuela pelo falecido Hugo Ch\u00e1vez para integrar cidad\u00e3os volunt\u00e1rios \u00e0s For\u00e7as Armadas na defesa contra ataques externos e internos. Elas recebem treinamento militar e participam de exerc\u00edcios militares frequentes.<\/p>\n\n\n\n<p>Quantos integrantes t\u00eam as For\u00e7as Armadas regulares da Venezuela?<\/p>\n\n\n\n<p>As For\u00e7as Armadas regulares da Venezuela contam com cerca de 200 mil integrantes.<\/p>\n\n\n\n<p><em>Fonte: Not\u00edcias r7<\/em><\/p>\n","protected":false},"excerpt":{"rendered":"<p>A\u00e7\u00e3o acontece em meio \u00e0 mobiliza\u00e7\u00e3o de navios de guerra dos Estados Unidos no Caribe para combater narcotr\u00e1fico<\/p>\n","protected":false},"author":2,"featured_media":55919,"comment_status":"open","ping_status":"open","sticky":false,"template":"","format":"standard","meta":{"om_disable_all_campaigns":false,"_monsterinsights_skip_tracking":false,"_monsterinsights_sitenote_active":false,"_monsterinsights_sitenote_note":"","_monsterinsights_sitenote_category":0,"footnotes":""},"categories":[70,35,69,21],"tags":[100,8314,71,48,75,45,46,327,129,107,44,132,230,339,106,203,120,51,109,88,47,111,190,326],"class_list":["post-74887","post","type-post","status-publish","format-standard","has-post-thumbnail","hentry","category-destaques","category-mundo","category-noticias2","category-politica","tag-adustina","tag-alistamento","tag-antas","tag-araci","tag-cicero-dantas","tag-cipo","tag-crisopolis","tag-eua","tag-euclides-da-cunha","tag-fatima","tag-heliopolis","tag-itapicuru","tag-jeremoabo","tag-mundo","tag-nova-soure","tag-novo-triunfo","tag-olindina","tag-paripiranga","tag-quijingue","tag-ribeira-do-amparo","tag-ribeira-do-pombal","tag-sitio-do-quinto","tag-tucano","tag-venezuela"],"aioseo_notices":[],"_links":{"self":[{"href":"https:\/\/www.portalalerta.com.br\/index.php\/wp-json\/wp\/v2\/posts\/74887","targetHints":{"allow":["GET"]}}],"collection":[{"href":"https:\/\/www.portalalerta.com.br\/index.php\/wp-json\/wp\/v2\/posts"}],"about":[{"href":"https:\/\/www.portalalerta.com.br\/index.php\/wp-json\/wp\/v2\/types\/post"}],"author":[{"embeddable":true,"href":"https:\/\/www.portalalerta.com.br\/index.php\/wp-json\/wp\/v2\/users\/2"}],"replies":[{"embeddable":true,"href":"https:\/\/www.portalalerta.com.br\/index.php\/wp-json\/wp\/v2\/comments?post=74887"}],"version-history":[{"count":1,"href":"https:\/\/www.portalalerta.com.br\/index.php\/wp-json\/wp\/v2\/posts\/74887\/revisions"}],"predecessor-version":[{"id":74888,"href":"https:\/\/www.portalalerta.com.br\/index.php\/wp-json\/wp\/v2\/posts\/74887\/revisions\/74888"}],"wp:featuredmedia":[{"embeddable":true,"href":"https:\/\/www.portalalerta.com.br\/index.php\/wp-json\/wp\/v2\/media\/55919"}],"wp:attachment":[{"href":"https:\/\/www.portalalerta.com.br\/index.php\/wp-json\/wp\/v2\/media?parent=74887"}],"wp:term":[{"taxonomy":"category","embeddable":true,"href":"https:\/\/www.portalalerta.com.br\/index.php\/wp-json\/wp\/v2\/categories?post=74887"},{"taxonomy":"post_tag","embeddable":true,"href":"https:\/\/www.portalalerta.com.br\/index.php\/wp-json\/wp\/v2\/tags?post=74887"}],"curies":[{"name":"wp","href":"https:\/\/api.w.org\/{rel}","templated":true}]}}