{"id":74892,"date":"2025-08-25T06:03:00","date_gmt":"2025-08-25T09:03:00","guid":{"rendered":"https:\/\/www.portalalerta.com.br\/?p=74892"},"modified":"2025-08-24T22:18:19","modified_gmt":"2025-08-25T01:18:19","slug":"hemoba-anuncia-processo-seletivo-reda-para-199-vagas-e-cadastro-de-reserva","status":"publish","type":"post","link":"https:\/\/www.portalalerta.com.br\/index.php\/2025\/08\/25\/hemoba-anuncia-processo-seletivo-reda-para-199-vagas-e-cadastro-de-reserva\/","title":{"rendered":"Hemoba anuncia processo seletivo REDA para 199 vagas e cadastro de reserva"},"content":{"rendered":"\n<p>A Funda\u00e7\u00e3o Hemoba anunciou a abertura de um processo seletivo em Regime Especial de Direito Administrativo (REDA), com provas objetivas e de t\u00edtulos, para contrata\u00e7\u00e3o de 199 profissionais de v\u00e1rias \u00e1reas e forma\u00e7\u00e3o de cadastro de reserva. \u00a0<\/p>\n\n\n\n<!--more-->\n\n\n\n<p>As inscri\u00e7\u00f5es estar\u00e3o abertas de 28 de agosto a 09 de setembro de 2025 pelo site do Instituto de Desenvolvimento e Capacita\u00e7\u00e3o (IDCAP), onde os candidatos ter\u00e3o acesso tamb\u00e9m ao edital da sele\u00e7\u00e3o, que busca fortalecer e ampliar o atendimento hemoter\u00e1pico e hematol\u00f3gico nas unidades da Hemoba na capital e no interior da Bahia.\u00a0<\/p>\n\n\n<div class=\"wp-block-image\">\n<figure class=\"alignleft size-full\"><img fetchpriority=\"high\" decoding=\"async\" width=\"400\" height=\"300\" src=\"https:\/\/www.portalalerta.com.br\/wp-content\/uploads\/2025\/07\/Real-Dia-dos-Pais-2025.jpg\" alt=\"\" class=\"wp-image-74173\" srcset=\"https:\/\/www.portalalerta.com.br\/wp-content\/uploads\/2025\/07\/Real-Dia-dos-Pais-2025.jpg 400w, https:\/\/www.portalalerta.com.br\/wp-content\/uploads\/2025\/07\/Real-Dia-dos-Pais-2025-320x240.jpg 320w\" sizes=\"(max-width: 400px) 100vw, 400px\" \/><\/figure><\/div>\n\n\n<p>Dentre as vagas dispon\u00edveis para n\u00edvel m\u00e9dio, t\u00e9cnico e superior, est\u00e3o t\u00e9cnico-administrativo, t\u00e9cnico de enfermagem, t\u00e9cnico em patologia cl\u00ednica, analista de sistemas, administrador, contador, assistente social, farmac\u00eautico, nutricionista, enfermeiro, psic\u00f3logo, odont\u00f3logo, m\u00e9dico cl\u00ednico geral, hematologista, pediatra, ortopedista, cardiologista, neurologista e oftalmologista. As provas objetivas ser\u00e3o realizadas no dia 28 de setembro em Salvador, Barreiras, Brumado, Cama\u00e7ari, Eun\u00e1polis, Feira de Santana, Guanambi, Irec\u00ea, Itaberaba, Itapetinga, Jacobina, Jequi\u00e9, Juazeiro, Paulo Afonso, Ribeira do Pombal, Seabra, Senhor do Bonfim, Teixeira de Freitas e Vit\u00f3ria da Conquista.<\/p>\n\n\n\n<p><em>Fonte: Hemoba<\/em><\/p>\n","protected":false},"excerpt":{"rendered":"<p>A Funda\u00e7\u00e3o Hemoba anunciou a abertura de um processo seletivo em Regime Especial de Direito Administrativo (REDA), com provas objetivas e de t\u00edtulos, para contrata\u00e7\u00e3o de 199 profissionais de v\u00e1rias \u00e1reas e forma\u00e7\u00e3o de cadastro de reserva. \u00a0<\/p>\n","protected":false},"author":2,"featured_media":74893,"comment_status":"open","ping_status":"open","sticky":false,"template":"","format":"standard","meta":{"om_disable_all_campaigns":false,"_monsterinsights_skip_tracking":false,"_monsterinsights_sitenote_active":false,"_monsterinsights_sitenote_note":"","_monsterinsights_sitenote_category":0,"footnotes":""},"categories":[33,70,69],"tags":[100,71,48,54,75,4178,4180,129,107,8316,4181,132,230,106,203,120,51,511,109,954,88,47,111,190],"class_list":["post-74892","post","type-post","status-publish","format-standard","has-post-thumbnail","hentry","category-bahia","category-destaques","category-noticias2","tag-adustina","tag-antas","tag-araci","tag-bahia","tag-cicero-dantas","tag-cipo-2","tag-crisopolis-2","tag-euclides-da-cunha","tag-fatima","tag-fundacao-hemoba","tag-heliopolis-2","tag-itapicuru","tag-jeremoabo","tag-nova-soure","tag-novo-triunfo","tag-olindina","tag-paripiranga","tag-processo-seletivo","tag-quijingue","tag-reda","tag-ribeira-do-amparo","tag-ribeira-do-pombal","tag-sitio-do-quinto","tag-tucano"],"aioseo_notices":[],"_links":{"self":[{"href":"https:\/\/www.portalalerta.com.br\/index.php\/wp-json\/wp\/v2\/posts\/74892","targetHints":{"allow":["GET"]}}],"collection":[{"href":"https:\/\/www.portalalerta.com.br\/index.php\/wp-json\/wp\/v2\/posts"}],"about":[{"href":"https:\/\/www.portalalerta.com.br\/index.php\/wp-json\/wp\/v2\/types\/post"}],"author":[{"embeddable":true,"href":"https:\/\/www.portalalerta.com.br\/index.php\/wp-json\/wp\/v2\/users\/2"}],"replies":[{"embeddable":true,"href":"https:\/\/www.portalalerta.com.br\/index.php\/wp-json\/wp\/v2\/comments?post=74892"}],"version-history":[{"count":1,"href":"https:\/\/www.portalalerta.com.br\/index.php\/wp-json\/wp\/v2\/posts\/74892\/revisions"}],"predecessor-version":[{"id":74894,"href":"https:\/\/www.portalalerta.com.br\/index.php\/wp-json\/wp\/v2\/posts\/74892\/revisions\/74894"}],"wp:featuredmedia":[{"embeddable":true,"href":"https:\/\/www.portalalerta.com.br\/index.php\/wp-json\/wp\/v2\/media\/74893"}],"wp:attachment":[{"href":"https:\/\/www.portalalerta.com.br\/index.php\/wp-json\/wp\/v2\/media?parent=74892"}],"wp:term":[{"taxonomy":"category","embeddable":true,"href":"https:\/\/www.portalalerta.com.br\/index.php\/wp-json\/wp\/v2\/categories?post=74892"},{"taxonomy":"post_tag","embeddable":true,"href":"https:\/\/www.portalalerta.com.br\/index.php\/wp-json\/wp\/v2\/tags?post=74892"}],"curies":[{"name":"wp","href":"https:\/\/api.w.org\/{rel}","templated":true}]}}