{"id":75016,"date":"2025-08-30T15:36:18","date_gmt":"2025-08-30T18:36:18","guid":{"rendered":"https:\/\/www.portalalerta.com.br\/?p=75016"},"modified":"2025-08-30T15:36:19","modified_gmt":"2025-08-30T18:36:19","slug":"policia-identifica-autores-de-crime-e-recupera-veiculo-furtado-em-ribeira-do-pombal-ba","status":"publish","type":"post","link":"https:\/\/www.portalalerta.com.br\/index.php\/2025\/08\/30\/policia-identifica-autores-de-crime-e-recupera-veiculo-furtado-em-ribeira-do-pombal-ba\/","title":{"rendered":"Pol\u00edcia identifica autores de crime, e recupera ve\u00edculo furtado, em Ribeira do Pombal-BA"},"content":{"rendered":"\n<p>Por volta das 11h50 da \u00faltima sexta-feira (29), policiais civis da Delegacia Territorial de Ribeira do Pombal-BA, se dirigiram at\u00e9 a Fazenda Pinto 2, zona rural da cidade, com a finalidade de apurarem uma den\u00fancia a respeito do paradeiro de uma moto que havia sido furtada, dias antes, no munic\u00edpio.<\/p>\n\n\n\n<!--more-->\n\n\n<div class=\"wp-block-image\">\n<figure class=\"alignleft size-large is-resized\"><img fetchpriority=\"high\" decoding=\"async\" src=\"https:\/\/www.portalalerta.com.br\/wp-content\/uploads\/2024\/04\/autoescola-emprego-1024x1024.jpg\" alt=\"\" class=\"wp-image-55693\" width=\"379\" height=\"379\" srcset=\"https:\/\/www.portalalerta.com.br\/wp-content\/uploads\/2024\/04\/autoescola-emprego-1024x1024.jpg 1024w, https:\/\/www.portalalerta.com.br\/wp-content\/uploads\/2024\/04\/autoescola-emprego-240x240.jpg 240w, https:\/\/www.portalalerta.com.br\/wp-content\/uploads\/2024\/04\/autoescola-emprego-768x768.jpg 768w, https:\/\/www.portalalerta.com.br\/wp-content\/uploads\/2024\/04\/autoescola-emprego.jpg 1080w\" sizes=\"(max-width: 379px) 100vw, 379px\" \/><\/figure><\/div>\n\n\n<p><\/p>\n\n\n\n<p>No local, os investigadores prenderam um homem identificado pelas iniciais B.S.B, que apontou o local exato onde havia escondido o ve\u00edculo. Diante dos fatos, tanto o autor, quanto a moto, foram levados para a Delegacia de Pol\u00edcia Civil da cidade, para a ado\u00e7\u00e3o das medidas cab\u00edveis.<\/p>\n\n\n\n<p><strong><a href=\"https:\/\/www.portalalerta.com.br\/index.php\/2025\/08\/27\/cameras-de-monitoramento-flagram-dupla-que-furtaram-moto-no-centro-de-ribeira-do-pombal-ba\/\">A moto Honda Pop de cor preta, foi furtada na \u00faltima ter\u00e7a-feira (26), na Av. Silvia Brito, centro da cidade. Na ocasi\u00e3o, c\u00e2meras de monitoramento flagraram a dupla criminosa,<\/a><\/strong> que j\u00e1 foi identificada pelos investigadores. Um deles ainda se encontra foragido.<\/p>\n\n\n<div class=\"wp-block-image\">\n<figure class=\"aligncenter size-full\"><img decoding=\"async\" width=\"500\" height=\"379\" src=\"https:\/\/www.portalalerta.com.br\/wp-content\/uploads\/2025\/08\/veiculo-recuperado-em-Ribeira-do-Pombal-2025.9.jpg\" alt=\"\" class=\"wp-image-75017\" srcset=\"https:\/\/www.portalalerta.com.br\/wp-content\/uploads\/2025\/08\/veiculo-recuperado-em-Ribeira-do-Pombal-2025.9.jpg 500w, https:\/\/www.portalalerta.com.br\/wp-content\/uploads\/2025\/08\/veiculo-recuperado-em-Ribeira-do-Pombal-2025.9-317x240.jpg 317w\" sizes=\"(max-width: 500px) 100vw, 500px\" \/><\/figure><\/div>\n\n\n<p><em>Reda\u00e7\u00e3o: Portal Alerta<\/em><\/p>\n","protected":false},"excerpt":{"rendered":"<p>Por volta das 11h50 da \u00faltima sexta-feira (29), policiais civis da Delegacia Territorial de Ribeira do Pombal-BA, se dirigiram at\u00e9 a Fazenda Pinto 2, zona rural da cidade, com a finalidade de apurarem uma den\u00fancia a respeito do paradeiro de uma moto que havia sido furtada, dias antes, no munic\u00edpio.<\/p>\n","protected":false},"author":2,"featured_media":75018,"comment_status":"open","ping_status":"open","sticky":false,"template":"","format":"standard","meta":{"om_disable_all_campaigns":false,"_monsterinsights_skip_tracking":false,"_monsterinsights_sitenote_active":false,"_monsterinsights_sitenote_note":"","_monsterinsights_sitenote_category":0,"footnotes":""},"categories":[70,69,32,3,22],"tags":[557,100,71,48,75,4178,4180,129,107,1531,4181,132,230,106,203,120,51,122,109,88,47,111,190,102],"class_list":["post-75016","post","type-post","status-publish","format-standard","has-post-thumbnail","hentry","category-destaques","category-noticias2","category-regiao","category-ribeira-do-pombal","category-seguranca","tag-25a-coorpin","tag-adustina","tag-antas","tag-araci","tag-cicero-dantas","tag-cipo-2","tag-crisopolis-2","tag-euclides-da-cunha","tag-fatima","tag-furto-de-moto","tag-heliopolis-2","tag-itapicuru","tag-jeremoabo","tag-nova-soure","tag-novo-triunfo","tag-olindina","tag-paripiranga","tag-policia-civil","tag-quijingue","tag-ribeira-do-amparo","tag-ribeira-do-pombal","tag-sitio-do-quinto","tag-tucano","tag-veiculo-recuperado"],"aioseo_notices":[],"_links":{"self":[{"href":"https:\/\/www.portalalerta.com.br\/index.php\/wp-json\/wp\/v2\/posts\/75016","targetHints":{"allow":["GET"]}}],"collection":[{"href":"https:\/\/www.portalalerta.com.br\/index.php\/wp-json\/wp\/v2\/posts"}],"about":[{"href":"https:\/\/www.portalalerta.com.br\/index.php\/wp-json\/wp\/v2\/types\/post"}],"author":[{"embeddable":true,"href":"https:\/\/www.portalalerta.com.br\/index.php\/wp-json\/wp\/v2\/users\/2"}],"replies":[{"embeddable":true,"href":"https:\/\/www.portalalerta.com.br\/index.php\/wp-json\/wp\/v2\/comments?post=75016"}],"version-history":[{"count":1,"href":"https:\/\/www.portalalerta.com.br\/index.php\/wp-json\/wp\/v2\/posts\/75016\/revisions"}],"predecessor-version":[{"id":75019,"href":"https:\/\/www.portalalerta.com.br\/index.php\/wp-json\/wp\/v2\/posts\/75016\/revisions\/75019"}],"wp:featuredmedia":[{"embeddable":true,"href":"https:\/\/www.portalalerta.com.br\/index.php\/wp-json\/wp\/v2\/media\/75018"}],"wp:attachment":[{"href":"https:\/\/www.portalalerta.com.br\/index.php\/wp-json\/wp\/v2\/media?parent=75016"}],"wp:term":[{"taxonomy":"category","embeddable":true,"href":"https:\/\/www.portalalerta.com.br\/index.php\/wp-json\/wp\/v2\/categories?post=75016"},{"taxonomy":"post_tag","embeddable":true,"href":"https:\/\/www.portalalerta.com.br\/index.php\/wp-json\/wp\/v2\/tags?post=75016"}],"curies":[{"name":"wp","href":"https:\/\/api.w.org\/{rel}","templated":true}]}}