{"id":75074,"date":"2025-08-31T14:52:12","date_gmt":"2025-08-31T17:52:12","guid":{"rendered":"https:\/\/www.portalalerta.com.br\/?p=75074"},"modified":"2025-08-31T14:52:13","modified_gmt":"2025-08-31T17:52:13","slug":"ministerio-publico-vai-fiscalizar-execucao-do-minha-casa-minha-vida-em-ribeira-do-pombal-ba","status":"publish","type":"post","link":"https:\/\/www.portalalerta.com.br\/index.php\/2025\/08\/31\/ministerio-publico-vai-fiscalizar-execucao-do-minha-casa-minha-vida-em-ribeira-do-pombal-ba\/","title":{"rendered":"Minist\u00e9rio P\u00fablico vai fiscalizar execu\u00e7\u00e3o do \u201cMinha Casa, Minha Vida\u201d, em Ribeira do Pombal-BA"},"content":{"rendered":"\n<p>O Minist\u00e9rio P\u00fablico da Bahia (MP) instaurou um procedimento administrativo para fiscalizar e acompanhar de perto a execu\u00e7\u00e3o das a\u00e7\u00f5es vinculadas ao programa Minha Casa, Minha Vida no munic\u00edpio de Ribeira do Pombal, no semi\u00e1rido baiano.<\/p>\n\n\n\n<!--more-->\n\n\n\n<p>A medida foi oficializada pela 2\u00aa Promotoria de Justi\u00e7a da comarca local, atrav\u00e9s do promotor substituto, Ren\u00ea Carvalho Pimentel Lima. O foco da atua\u00e7\u00e3o do MP \u00e9 verificar se o munic\u00edpio est\u00e1 cumprindo os crit\u00e9rios exigidos ap\u00f3s apresentar sua Declara\u00e7\u00e3o de Elegibilidade ao programa habitacional federal. Ribeira do Pombal j\u00e1 foi contemplada com 144 unidades habitacionais, que dever\u00e3o ser constru\u00eddas na regi\u00e3o da Ponta da Lagoa, em um projeto voltado \u00e0 popula\u00e7\u00e3o de baixa renda.<\/p>\n\n\n\n<p>Com a instaura\u00e7\u00e3o do procedimento, o Minist\u00e9rio P\u00fablico buscar\u00e1 garantir que todas as etapas \u2014 desde a libera\u00e7\u00e3o dos recursos at\u00e9 a entrega das casas \u2014 ocorram com transpar\u00eancia, legalidade e respeito aos direitos sociais.<\/p>\n\n\n\n<p><em>Fonte: Joilson Costa<\/em><\/p>\n\n\n\n<p><em>Com informa\u00e7\u00f5es: Jair Onofre do Bahia Politica<\/em><\/p>\n","protected":false},"excerpt":{"rendered":"<p>O Minist\u00e9rio P\u00fablico da Bahia (MP) instaurou um procedimento administrativo para fiscalizar e acompanhar de perto a execu\u00e7\u00e3o das a\u00e7\u00f5es vinculadas ao programa Minha Casa, Minha Vida no munic\u00edpio de Ribeira do Pombal, no semi\u00e1rido baiano.<\/p>\n","protected":false},"author":2,"featured_media":36504,"comment_status":"open","ping_status":"open","sticky":false,"template":"","format":"standard","meta":{"om_disable_all_campaigns":false,"_monsterinsights_skip_tracking":false,"_monsterinsights_sitenote_active":false,"_monsterinsights_sitenote_note":"","_monsterinsights_sitenote_category":0,"footnotes":""},"categories":[70,69,32,3],"tags":[100,71,48,75,4178,4180,129,107,4181,132,230,396,352,106,203,120,51,109,88,47,111,190],"class_list":["post-75074","post","type-post","status-publish","format-standard","has-post-thumbnail","hentry","category-destaques","category-noticias2","category-regiao","category-ribeira-do-pombal","tag-adustina","tag-antas","tag-araci","tag-cicero-dantas","tag-cipo-2","tag-crisopolis-2","tag-euclides-da-cunha","tag-fatima","tag-heliopolis-2","tag-itapicuru","tag-jeremoabo","tag-minha-casa-minha-vida","tag-ministerio-publico","tag-nova-soure","tag-novo-triunfo","tag-olindina","tag-paripiranga","tag-quijingue","tag-ribeira-do-amparo","tag-ribeira-do-pombal","tag-sitio-do-quinto","tag-tucano"],"aioseo_notices":[],"_links":{"self":[{"href":"https:\/\/www.portalalerta.com.br\/index.php\/wp-json\/wp\/v2\/posts\/75074","targetHints":{"allow":["GET"]}}],"collection":[{"href":"https:\/\/www.portalalerta.com.br\/index.php\/wp-json\/wp\/v2\/posts"}],"about":[{"href":"https:\/\/www.portalalerta.com.br\/index.php\/wp-json\/wp\/v2\/types\/post"}],"author":[{"embeddable":true,"href":"https:\/\/www.portalalerta.com.br\/index.php\/wp-json\/wp\/v2\/users\/2"}],"replies":[{"embeddable":true,"href":"https:\/\/www.portalalerta.com.br\/index.php\/wp-json\/wp\/v2\/comments?post=75074"}],"version-history":[{"count":1,"href":"https:\/\/www.portalalerta.com.br\/index.php\/wp-json\/wp\/v2\/posts\/75074\/revisions"}],"predecessor-version":[{"id":75075,"href":"https:\/\/www.portalalerta.com.br\/index.php\/wp-json\/wp\/v2\/posts\/75074\/revisions\/75075"}],"wp:featuredmedia":[{"embeddable":true,"href":"https:\/\/www.portalalerta.com.br\/index.php\/wp-json\/wp\/v2\/media\/36504"}],"wp:attachment":[{"href":"https:\/\/www.portalalerta.com.br\/index.php\/wp-json\/wp\/v2\/media?parent=75074"}],"wp:term":[{"taxonomy":"category","embeddable":true,"href":"https:\/\/www.portalalerta.com.br\/index.php\/wp-json\/wp\/v2\/categories?post=75074"},{"taxonomy":"post_tag","embeddable":true,"href":"https:\/\/www.portalalerta.com.br\/index.php\/wp-json\/wp\/v2\/tags?post=75074"}],"curies":[{"name":"wp","href":"https:\/\/api.w.org\/{rel}","templated":true}]}}