{"id":75637,"date":"2025-09-23T14:05:00","date_gmt":"2025-09-23T17:05:00","guid":{"rendered":"https:\/\/www.portalalerta.com.br\/?p=75637"},"modified":"2025-09-23T14:05:02","modified_gmt":"2025-09-23T17:05:02","slug":"lula-defende-judiciario-e-manda-recado-para-trump-e-bolsonaro-na-onu","status":"publish","type":"post","link":"https:\/\/www.portalalerta.com.br\/index.php\/2025\/09\/23\/lula-defende-judiciario-e-manda-recado-para-trump-e-bolsonaro-na-onu\/","title":{"rendered":"Lula defende Judici\u00e1rio e manda recado para Trump e Bolsonaro na ONU"},"content":{"rendered":"\n<p>Presidente tamb\u00e9m falou sobre multilateralismo, soberania nacional e a guerra na Faixa de Gaza<\/p>\n\n\n\n<!--more-->\n\n\n\n<p>O presidente Luiz In\u00e1cio Lula da Silva (PT) discursou \u00e0s 10h desta ter\u00e7a-feira (23) na 80\u00aa Assembleia Geral das Na\u00e7\u00f5es Unidas, em Nova York. Em sua fala, que conteve aproximadamente 15 minutos, o mandat\u00e1rio brasileiro abordou temas centrais como a defesa do multilateralismo, da soberania nacional, coopera\u00e7\u00e3o internacional, uma agenda progressista voltada para direitos sociais e sustentabilidade.<\/p>\n\n\n\n<p>Lula tamb\u00e9m saiu em defesa do Poder Judici\u00e1rio, ap\u00f3s o governo dos Estados Unidos anunciar san\u00e7\u00f5es contra exporta\u00e7\u00f5es e autoridades brasileiras,&nbsp;<a href=\"https:\/\/www.cnnbrasil.com.br\/internacional\/eua-sancionam-esposa-de-alexandre-de-moraes-pela-lei-magnitsky\/\">incluindo familiares de ministros do STF (Supremo Tribunal Federal).<\/a><\/p>\n\n\n\n<p>&#8220;A agress\u00e3o contra a independ\u00eancia do Poder Judici\u00e1rio \u00e9 inaceit\u00e1vel. Essa inger\u00eancia em assuntos internos conta com o aux\u00edlio de uma extrema-direita subserviente e saudosa de antigas hegemonias. Falsos patriotas arquitetam e promovem publicamente a\u00e7\u00f5es contra o Brasil. N\u00e3o h\u00e1 pacifica\u00e7\u00e3o com impunidade&#8221;, disse Lula.<\/p>\n\n\n<div class=\"wp-block-image\">\n<figure class=\"alignleft size-large is-resized\"><img fetchpriority=\"high\" decoding=\"async\" src=\"https:\/\/www.portalalerta.com.br\/wp-content\/uploads\/2024\/04\/autoescola-emprego-1024x1024.jpg\" alt=\"\" class=\"wp-image-55693\" width=\"388\" height=\"388\" srcset=\"https:\/\/www.portalalerta.com.br\/wp-content\/uploads\/2024\/04\/autoescola-emprego-1024x1024.jpg 1024w, https:\/\/www.portalalerta.com.br\/wp-content\/uploads\/2024\/04\/autoescola-emprego-240x240.jpg 240w, https:\/\/www.portalalerta.com.br\/wp-content\/uploads\/2024\/04\/autoescola-emprego-768x768.jpg 768w, https:\/\/www.portalalerta.com.br\/wp-content\/uploads\/2024\/04\/autoescola-emprego.jpg 1080w\" sizes=\"(max-width: 388px) 100vw, 388px\" \/><\/figure><\/div>\n\n\n<p>O discurso ocorre em meio a uma<a href=\"https:\/\/www.cnnbrasil.com.br\/politica\/veja-quem-sao-os-alvos-das-novas-sancoes-impostas-pelos-eua-ao-brasil\/\">&nbsp;tens\u00e3o com os EUA<\/a>. Na segunda-feira (16), a Casa Branca anunciou a revoga\u00e7\u00e3o de vistos da esposa e dos filhos do ministro Alexandre de Moraes, do STF (Supremo Tribunal Federal), al\u00e9m de restri\u00e7\u00f5es contra o advogado-geral da Uni\u00e3o, Jorge Messias, e outras cinco pessoas.<\/p>\n\n\n\n<p>Recentemente, o governo americano tamb\u00e9m anunciou san\u00e7\u00f5es contra exporta\u00e7\u00f5es e autoridades brasileiras, incluindo familiares de ministros do STF.<\/p>\n\n\n\n<p><strong>&#8220;Democracia e soberania s\u00e3o inegoci\u00e1veis&#8221;<\/strong><\/p>\n\n\n\n<p>Segundo o presidente brasileiro, a&nbsp;<a href=\"https:\/\/www.cnnbrasil.com.br\/politica\/stf-pena-jair-bolsonaro\/\">condena\u00e7\u00e3o do ex-presidente Jair Bolsonaro, que deve cumprir 27 anos e 3 meses de pris\u00e3o<\/a>, por participa\u00e7\u00e3o em uma tentativa de golpe de Estado ap\u00f3s as elei\u00e7\u00f5es de 2022 revela que o Brasil n\u00e3o negocia democracia e soberania.<\/p>\n\n\n\n<p>&#8220;H\u00e1 poucos dias, e pela primeira vez em 525 anos de nossa hist\u00f3ria, um ex-chefe de Estado foi condenado por atentar contra o Estado Democr\u00e1tico de Direito. Foi investigado, indiciado, julgado e responsabilizado pelos seus atos em um processo minucioso. Teve amplo direito de defesa, prerrogativa que as ditaduras negam \u00e0s suas v\u00edtimas&#8221;, destacou.<\/p>\n\n\n\n<p>&#8220;Diante dos olhos do mundo, o Brasil deu um recado a todos os candidatos a autocratas e \u00e0queles que os apoiam: nossa democracia e nossa soberania s\u00e3o inegoci\u00e1veis. Seguiremos como na\u00e7\u00e3o independente e como povo livre de qualquer tipo de tutela. Democracias s\u00f3lidas v\u00e3o al\u00e9m do ritual eleitoral&#8221;, prosseguiu.<\/p>\n\n\n\n<p><strong>Recado aos EUA ap\u00f3s ataques contra barcos da Venezuela<\/strong><\/p>\n\n\n\n<p>Em discurso,&nbsp;<a href=\"https:\/\/www.cnnbrasil.com.br\/internacional\/na-onu-lula-manda-recado-aos-eua-apos-ataques-contra-barcaos-da-venezuela\/\">Lula tamb\u00e9m comentou que o di\u00e1logo com a Venezuela deve ser mantido.<\/a><\/p>\n\n\n\n<p>\u201cUsar for\u00e7a letal em situa\u00e7\u00f5es que n\u00e3o constituem conflitos armados equivale a executar pessoas sem julgamento. Outras partes do planeta j\u00e1 testemunharam interven\u00e7\u00f5es que causaram danos maiores do que se pretendia evitar, com graves consequ\u00eancias humanit\u00e1rias. A via do di\u00e1logo n\u00e3o deve estar fechada na Venezuela\u201d, declarou o presidente.<\/p>\n\n\n\n<p>Na \u00faltima sexta-feira (19), Donald Trump, presidente dos Estados Unidos, divulgou um v\u00eddeo nas redes sociais mostrando um ataque a um barco que supostamente estava carregado com drogas. Ele ressaltou ainda que tr\u00eas pessoas foram mortas.<\/p>\n\n\n\n<p>O l\u00edder republicano afirmou que a embarca\u00e7\u00e3o estava em \u00e1guas internacionais, na \u00e1rea de responsabilidade do Comando Sul dos Estados Unidos, que abrange a Am\u00e9rica Latina e o Caribe.<\/p>\n\n\n\n<p>Segundo o presidente brasileiro, a Am\u00e9rica Latina e Caribe, vivem &#8220;um momento de crescente polariza\u00e7\u00e3o e instabilidade&#8221;, e que manter a regi\u00e3o como &#8220;zona de paz&#8221; \u00e9 &#8220;a prioridade&#8221;.<\/p>\n\n\n\n<p>&#8220;Somos um continente livre de armas de destrui\u00e7\u00e3o em massa, sem conflitos \u00e9tnicos ou religiosos. \u00c9 preocupante a equipara\u00e7\u00e3o entre a criminalidade e o terrorismo. A forma mais eficaz de combater o tr\u00e1fico de drogas \u00e9 a coopera\u00e7\u00e3o para reprimir a lavagem de dinheiro e limitar o com\u00e9rcio de armas&#8221;, destacou Lula.<\/p>\n\n\n\n<p><strong>&#8220;Nada justifica genoc\u00eddio em Gaza&#8221;<\/strong><\/p>\n\n\n\n<p>Outro ponto destacado pelo petista foi a&nbsp;<a href=\"https:\/\/www.cnnbrasil.com.br\/internacional\/lula-diz-que-unica-palavra-para-descrever-o-que-ocorre-em-gaza-e-genocidio\/\">guerra na Faixa de Gaza.<\/a>&nbsp;Para Lula, &#8220;nada justifica o genoc\u00eddio&#8221; que acontece no local.<\/p>\n\n\n\n<p>No dia 12 de setembro, a Assembleia Geral votou a favor, por ampla maioria, em uma declara\u00e7\u00e3o que delineia &#8220;medidas tang\u00edveis, com prazo determinado e irrevers\u00edveis&#8221; em dire\u00e7\u00e3o a uma solu\u00e7\u00e3o de dois Estados entre Israel e o territ\u00f3rio palestino.<\/p>\n\n\n\n<p>O texto condena os ataques contra Israel pelo Hamas, em 7 de outubro de 2023 e desencadearam a guerra em Gaza. Ainda assim, tamb\u00e9m critica os ataques de Israel contra civis e infraestrutura civil em Gaza, o cerco ao territ\u00f3rio palestino e a fome, &#8220;que resultaram em uma cat\u00e1strofe humanit\u00e1ria devastadora e uma crise de prote\u00e7\u00e3o&#8221;.<\/p>\n\n\n\n<p>Para Lula, &#8220;os atentados terroristas perpetrados pelo Hamas s\u00e3o indefens\u00e1veis sob qualquer \u00e2ngulo. Mas nada, absolutamente nada, justifica o genoc\u00eddio em curso em Gaza. Ali, sob toneladas de escombros, est\u00e3o enterradas dezenas de milhares de mulheres e crian\u00e7as inocentes. Ali tamb\u00e9m est\u00e3o sepultados o Direito Internacional Humanit\u00e1rio e o mito da superioridade \u00e9tica do Ocidente&#8221;.<\/p>\n\n\n\n<p>&#8220;Esse massacre n\u00e3o aconteceria sem a cumplicidade dos que poderiam evit\u00e1-lo. Em Gaza a fome \u00e9 usada como arma de guerra e o deslocamento for\u00e7ado de popula\u00e7\u00f5es \u00e9 praticado impunemente. Expresso minha admira\u00e7\u00e3o aos judeus que, dentro e fora de Israel, se op\u00f5em a essa puni\u00e7\u00e3o coletiva&#8221;, continuou.<\/p>\n\n\n\n<p>&#8220;O povo palestino corre o risco de desaparecer. S\u00f3 sobreviver\u00e1 com um Estado independente e integrado \u00e0 comunidade internacional&#8221;, completou o presidente brasileiro.<\/p>\n\n\n\n<p>Por tradi\u00e7\u00e3o, desde 1955, o&nbsp;<a href=\"https:\/\/www.cnnbrasil.com.br\/internacional\/lula-discursa-hoje-na-abertura-da-assembleia-geral-da-onu\/\">Brasil \u00e9 sempre o primeiro pa\u00eds a discursar na Assembleia<\/a>, seguido pelos Estados Unidos.<\/p>\n\n\n\n<p>Lula est\u00e1 acompanhado de uma comitiva de ministros, entre eles Mauro Vieira (Rela\u00e7\u00f5es Exteriores), Marina Silva (Meio Ambiente), M\u00e1rcia Lopes (Mulheres), Jader Barbalho (Cidades), S\u00f4nia Guajajara (Povos Ind\u00edgenas) e Ricardo Lewandowski (Justi\u00e7a e Seguran\u00e7a P\u00fablica).<\/p>\n\n\n\n<p>A&nbsp;<a href=\"https:\/\/www.cnnbrasil.com.br\/internacional\/assembleia-geral-da-onu-entenda-como-funciona\/\">reuni\u00e3o de 2025 marca os 80 anos da institui\u00e7\u00e3o<\/a>&nbsp;e deve servir como palco para assuntos priorit\u00e1rios da comunidade internacional, como os conflitos na Faixa de Gaza e na Ucr\u00e2nia, a defesa da democracia e o meio ambiente. A edi\u00e7\u00e3o deste ano tamb\u00e9m ocorre em um ambiente de intensas disputas pol\u00edticas e reconfigura\u00e7\u00e3o do papel dos Estados Unidos no mundo.<\/p>\n\n\n\n<p><em>Fonte: CNN<\/em><\/p>\n","protected":false},"excerpt":{"rendered":"<p>Presidente tamb\u00e9m falou sobre multilateralismo, soberania nacional e a guerra na Faixa de Gaza<\/p>\n","protected":false},"author":2,"featured_media":75622,"comment_status":"open","ping_status":"open","sticky":false,"template":"","format":"standard","meta":{"om_disable_all_campaigns":false,"_monsterinsights_skip_tracking":false,"_monsterinsights_sitenote_active":false,"_monsterinsights_sitenote_note":"","_monsterinsights_sitenote_category":0,"footnotes":""},"categories":[34,70,35,69,21],"tags":[100,71,48,93,75,4178,4180,897,327,129,107,4181,132,1395,230,303,106,203,120,1128,51,109,88,47,111,190],"class_list":["post-75637","post","type-post","status-publish","format-standard","has-post-thumbnail","hentry","category-brasil","category-destaques","category-mundo","category-noticias2","category-politica","tag-adustina","tag-antas","tag-araci","tag-brasil","tag-cicero-dantas","tag-cipo-2","tag-crisopolis-2","tag-donald-trump","tag-eua","tag-euclides-da-cunha","tag-fatima","tag-heliopolis-2","tag-itapicuru","tag-jair-bolsonaro","tag-jeremoabo","tag-lula","tag-nova-soure","tag-novo-triunfo","tag-olindina","tag-onu","tag-paripiranga","tag-quijingue","tag-ribeira-do-amparo","tag-ribeira-do-pombal","tag-sitio-do-quinto","tag-tucano"],"aioseo_notices":[],"_links":{"self":[{"href":"https:\/\/www.portalalerta.com.br\/index.php\/wp-json\/wp\/v2\/posts\/75637","targetHints":{"allow":["GET"]}}],"collection":[{"href":"https:\/\/www.portalalerta.com.br\/index.php\/wp-json\/wp\/v2\/posts"}],"about":[{"href":"https:\/\/www.portalalerta.com.br\/index.php\/wp-json\/wp\/v2\/types\/post"}],"author":[{"embeddable":true,"href":"https:\/\/www.portalalerta.com.br\/index.php\/wp-json\/wp\/v2\/users\/2"}],"replies":[{"embeddable":true,"href":"https:\/\/www.portalalerta.com.br\/index.php\/wp-json\/wp\/v2\/comments?post=75637"}],"version-history":[{"count":1,"href":"https:\/\/www.portalalerta.com.br\/index.php\/wp-json\/wp\/v2\/posts\/75637\/revisions"}],"predecessor-version":[{"id":75638,"href":"https:\/\/www.portalalerta.com.br\/index.php\/wp-json\/wp\/v2\/posts\/75637\/revisions\/75638"}],"wp:featuredmedia":[{"embeddable":true,"href":"https:\/\/www.portalalerta.com.br\/index.php\/wp-json\/wp\/v2\/media\/75622"}],"wp:attachment":[{"href":"https:\/\/www.portalalerta.com.br\/index.php\/wp-json\/wp\/v2\/media?parent=75637"}],"wp:term":[{"taxonomy":"category","embeddable":true,"href":"https:\/\/www.portalalerta.com.br\/index.php\/wp-json\/wp\/v2\/categories?post=75637"},{"taxonomy":"post_tag","embeddable":true,"href":"https:\/\/www.portalalerta.com.br\/index.php\/wp-json\/wp\/v2\/tags?post=75637"}],"curies":[{"name":"wp","href":"https:\/\/api.w.org\/{rel}","templated":true}]}}