{"id":75654,"date":"2025-09-24T12:58:51","date_gmt":"2025-09-24T15:58:51","guid":{"rendered":"https:\/\/www.portalalerta.com.br\/?p=75654"},"modified":"2025-09-24T12:58:53","modified_gmt":"2025-09-24T15:58:53","slug":"conselho-de-etica-da-camara-instaura-processo-contra-eduardo-bolsonaro","status":"publish","type":"post","link":"https:\/\/www.portalalerta.com.br\/index.php\/2025\/09\/24\/conselho-de-etica-da-camara-instaura-processo-contra-eduardo-bolsonaro\/","title":{"rendered":"Conselho de \u00c9tica da C\u00e2mara instaura processo contra Eduardo Bolsonaro"},"content":{"rendered":"\n<p>Colegiado tem 90 dias para avaliar o pedido<\/p>\n\n\n\n<!--more-->\n\n\n\n<p>O Conselho de \u00c9tica da C\u00e2mara dos Deputados instaurou nesta ter\u00e7a-feira (23) um processo contra o deputado Eduardo Bolsonaro (PL-SP) por quebra de decoro parlamentar.&nbsp;<strong>A representa\u00e7\u00e3o, feita pelo PT, pede a perda do mandato. Segundo o partido, Eduardo Bolsonaro tem utilizado sua estadia nos Estados Unidos para se dedicar &#8220;de forma reiterada a difamar institui\u00e7\u00f5es do Estado brasileiro&#8221;.<\/strong><\/p>\n\n\n\n<p>A decis\u00e3o foi comunicada pelo presidente do conselho, deputado Fabio Schiochet (Uni\u00e3o Brasil-SC). Agora, abre-se o prazo regimental de 90 dias para que o colegiado conclua a avalia\u00e7\u00e3o do pedido.<\/p>\n\n\n\n<p><strong>Os deputados Duda Salabert (PDT-MG), Paulo Lemos (PSOL-AP) e Delegado Marcelo Freitas (Uni\u00e3o Brasil-MG) foram indicados por sorteio para relatar o caso.<\/strong>&nbsp;A decis\u00e3o, no entanto, sobre quem ficar\u00e1 com a relatoria deve ser tomada nos pr\u00f3ximos dias, pelo presidente da comiss\u00e3o.<\/p>\n\n\n\n<p>Na representa\u00e7\u00e3o, o PT alega que Eduardo Bolsonaro tem atacado com \u201cespecial virul\u00eancia\u201d o Supremo Tribunal Federal e seus ministros, a quem tem publicamente chamado de \u201cmilicianos togados\u201d e \u201cditadores\u201d. O texto cita entrevista recente do deputado \u00e0 CNN Brasil, na qual&nbsp;declarou textualmente que \u201csem anistia para Jair Bolsonaro, n\u00e3o haver\u00e1 elei\u00e7\u00f5es em 2026\u201d.<\/p>\n\n\n\n<p>Na avalia\u00e7\u00e3o do PT, a conduta constitui grave amea\u00e7a \u00e0 ordem constitucional e \u00e0 realiza\u00e7\u00e3o do processo eleitoral, \u201cn\u00facleo duro da soberania popular\u201d.<\/p>\n\n\n\n<p><strong>&#8220;A imunidade parlamentar n\u00e3o \u00e9 um salvo-conduto para a pr\u00e1tica de atos atentat\u00f3rios \u00e0 ordem institucional, tampouco um manto protetor para discursos de incita\u00e7\u00e3o \u00e0 ruptura democr\u00e1tica&#8221;, afirma o PT&nbsp; na representa\u00e7\u00e3o.<\/strong><\/p>\n\n\n\n<p>O documento cita ainda o fato de que a licen\u00e7a de 120 dias, solicitada pelo deputado em mar\u00e7o, j\u00e1 expirou no dia 20 de julho, \u201csem que o representado tenha retornado ao pa\u00eds ou requerido qualquer prorroga\u00e7\u00e3o, o que constitui evidente descumprimento das normas regimentais\u201d, de forma \u201cdeliberada, continuada e dolosa\u201d.<\/p>\n\n\n\n<p>\u201c\u00c9 dever do parlamentar zelar pela honra do mandato que exerce e cumprir rigorosamente os limites funcionais que o regulam. Sua perman\u00eancia no exterior, associada \u00e0 atua\u00e7\u00e3o p\u00fablica contra institui\u00e7\u00f5es nacionais, enquanto se furta \u00e0s obriga\u00e7\u00f5es regimentais m\u00ednimas de presen\u00e7a e delibera\u00e7\u00e3o, representa grave atentado ao decoro e \u00e0 integridade da representa\u00e7\u00e3o popular\u201d, diz a representa\u00e7\u00e3o.<\/p>\n\n\n\n<p><strong>Tramitam no conselho outras tr\u00eas representa\u00e7\u00f5es contra Eduardo Bolsonaro, duas do PT e uma do PSOL.<\/strong>&nbsp;<\/p>\n\n\n\n<p>Fabio Schiochet informou que solicitou \u00e0 Mesa Diretora da Casa para apensar os tr\u00eas pedidos para tramitar em conjunto. A solicita\u00e7\u00e3o foi feita no dia 9 de setembro e n\u00e3o h\u00e1 prazo regimental para a resposta da Mesa.<\/p>\n\n\n\n<p>\u201cPedi para apensar porque, das quatro representa\u00e7\u00f5es, tr\u00eas s\u00e3o correlatas, ou seja, semelhantes. N\u00f3s n\u00e3o podemos ter um relator pedindo arquivamento, outro, porventura, a cassa\u00e7\u00e3o, e um terceiro, a suspens\u00e3o. N\u00e3o h\u00e1 prazo regulamentar para a Mesa devolver a apensa\u00e7\u00e3o ao Conselho de \u00c9tica. Mas acredito que nos pr\u00f3ximos dias ou at\u00e9 na semana que vem o presidente [da C\u00e2mara] Hugo [Motta] deve devolver o processo deferido ou indeferido\u201d, declarou.<\/p>\n\n\n\n<p><strong>Lideran\u00e7a<\/strong><\/p>\n\n\n\n<p>Na manh\u00e3 desta ter\u00e7a-feira, o presidente da C\u00e2mara dos Deputados,&nbsp;<a href=\"https:\/\/agenciabrasil.ebc.com.br\/politica\/noticia\/2025-09\/motta-nega-indicacao-de-eduardo-bolsonaro-como-lider-da-minoria\" target=\"_blank\" rel=\"noreferrer noopener\"><strong>Hugo Motta (Republicanos-PB), negou o pedido de indica\u00e7\u00e3o<\/strong><\/a>&nbsp;de Eduardo Bolsonaro para o cargo de l\u00edder da minoria na Casa.<\/p>\n\n\n\n<p>A indica\u00e7\u00e3o foi feita pelo l\u00edder do PL, deputado S\u00f3stenes Cavalcante (PL-RJ), com o argumento de que um ato da Mesa Diretora, editado na gest\u00e3o de Eduardo Cunha (MDB-RJ), liberou l\u00edderes partid\u00e1rios de registrar presen\u00e7a em plen\u00e1rio. Eduardo Bolsonaro pediu licen\u00e7a do cargo em mar\u00e7o e viajou para os Estados Unidos, onde fixou resid\u00eancia.<\/p>\n\n\n\n<p>\u201cA decis\u00e3o&nbsp;<a href=\"https:\/\/agenciabrasil.ebc.com.br\/politica\/noticia\/2025-09\/motta-decisao-que-barrou-eduardo-bolsonaro-em-lideranca-foi-tecnica\" target=\"_blank\" rel=\"noreferrer noopener\"><strong>foi estritamente t\u00e9cnica<\/strong><\/a>. Ouvimos o parecer da secretaria-geral da Mesa Diretora que decidiu n\u00e3o haver possibilidade do exerc\u00edcio de mandato parlamentar estando ausente do territ\u00f3rio nacional, n\u00e3o h\u00e1 nenhum precedente na Casa\u201d, explicou Motta durante entrevista antes da reuni\u00e3o de l\u00edderes, na tarde desta ter\u00e7a-feira.<\/p>\n\n\n\n<p><strong>A licen\u00e7a terminou em 21 de julho, mas o parlamentar n\u00e3o retornou ao Brasil e j\u00e1 acumula faltas n\u00e3o justificadas nas sess\u00f5es plen\u00e1rias.<\/strong>&nbsp;A Constitui\u00e7\u00e3o prev\u00ea cassa\u00e7\u00e3o dos deputados que faltarem a um ter\u00e7o das sess\u00f5es ordin\u00e1rias, salvo licen\u00e7a ou miss\u00e3o autorizada.<\/p>\n\n\n\n<p><strong>Segundo o parecer da Mesa Diretora, s\u00f3 h\u00e1 a possibilidade de registro remoto para parlamentares em miss\u00e3o oficial autorizada pela C\u00e2mara, o que n\u00e3o \u00e9 o caso de Eduardo Bolsonaro.<\/strong>&nbsp;O deputado tamb\u00e9m n\u00e3o chegou a comunicar previamente \u00e0&nbsp;Presid\u00eancia da C\u00e2mara a aus\u00eancia do Brasil. Segundo a Mesa, a situa\u00e7\u00e3o configura \u201cpor si s\u00f3 uma viola\u00e7\u00e3o ao dever funcional do parlamentar\u201d.<\/p>\n\n\n\n<p>\u201cO deputado n\u00e3o est\u00e1 em territ\u00f3rio nacional, como todos sabemos, e a C\u00e2mara n\u00e3o foi comunicada da sua aus\u00eancia do territ\u00f3rio nacional\u201d, enfatizou Motta.<\/p>\n\n\n\n<p><em>Fonte: Ag\u00eancia Brasil<\/em><\/p>\n","protected":false},"excerpt":{"rendered":"<p>Colegiado tem 90 dias para avaliar o pedido<\/p>\n","protected":false},"author":2,"featured_media":75651,"comment_status":"open","ping_status":"open","sticky":false,"template":"","format":"standard","meta":{"om_disable_all_campaigns":false,"_monsterinsights_skip_tracking":false,"_monsterinsights_sitenote_active":false,"_monsterinsights_sitenote_note":"","_monsterinsights_sitenote_category":0,"footnotes":""},"categories":[34,70,69,21],"tags":[100,71,48,93,186,75,4178,2601,4180,2058,129,107,4181,132,230,106,203,120,51,109,88,47,111,190],"class_list":["post-75654","post","type-post","status-publish","format-standard","has-post-thumbnail","hentry","category-brasil","category-destaques","category-noticias2","category-politica","tag-adustina","tag-antas","tag-araci","tag-brasil","tag-camara-dos-deputados","tag-cicero-dantas","tag-cipo-2","tag-conselho-de-etica","tag-crisopolis-2","tag-eduardo-bolsonaro","tag-euclides-da-cunha","tag-fatima","tag-heliopolis-2","tag-itapicuru","tag-jeremoabo","tag-nova-soure","tag-novo-triunfo","tag-olindina","tag-paripiranga","tag-quijingue","tag-ribeira-do-amparo","tag-ribeira-do-pombal","tag-sitio-do-quinto","tag-tucano"],"aioseo_notices":[],"_links":{"self":[{"href":"https:\/\/www.portalalerta.com.br\/index.php\/wp-json\/wp\/v2\/posts\/75654","targetHints":{"allow":["GET"]}}],"collection":[{"href":"https:\/\/www.portalalerta.com.br\/index.php\/wp-json\/wp\/v2\/posts"}],"about":[{"href":"https:\/\/www.portalalerta.com.br\/index.php\/wp-json\/wp\/v2\/types\/post"}],"author":[{"embeddable":true,"href":"https:\/\/www.portalalerta.com.br\/index.php\/wp-json\/wp\/v2\/users\/2"}],"replies":[{"embeddable":true,"href":"https:\/\/www.portalalerta.com.br\/index.php\/wp-json\/wp\/v2\/comments?post=75654"}],"version-history":[{"count":1,"href":"https:\/\/www.portalalerta.com.br\/index.php\/wp-json\/wp\/v2\/posts\/75654\/revisions"}],"predecessor-version":[{"id":75655,"href":"https:\/\/www.portalalerta.com.br\/index.php\/wp-json\/wp\/v2\/posts\/75654\/revisions\/75655"}],"wp:featuredmedia":[{"embeddable":true,"href":"https:\/\/www.portalalerta.com.br\/index.php\/wp-json\/wp\/v2\/media\/75651"}],"wp:attachment":[{"href":"https:\/\/www.portalalerta.com.br\/index.php\/wp-json\/wp\/v2\/media?parent=75654"}],"wp:term":[{"taxonomy":"category","embeddable":true,"href":"https:\/\/www.portalalerta.com.br\/index.php\/wp-json\/wp\/v2\/categories?post=75654"},{"taxonomy":"post_tag","embeddable":true,"href":"https:\/\/www.portalalerta.com.br\/index.php\/wp-json\/wp\/v2\/tags?post=75654"}],"curies":[{"name":"wp","href":"https:\/\/api.w.org\/{rel}","templated":true}]}}