{"id":75656,"date":"2025-09-24T13:10:46","date_gmt":"2025-09-24T16:10:46","guid":{"rendered":"https:\/\/www.portalalerta.com.br\/?p=75656"},"modified":"2025-09-24T13:10:49","modified_gmt":"2025-09-24T16:10:49","slug":"ambulancia-do-samu-e-apedrejada-em-serrinha-tecnico-de-enfermagem-fica-ferido","status":"publish","type":"post","link":"https:\/\/www.portalalerta.com.br\/index.php\/2025\/09\/24\/ambulancia-do-samu-e-apedrejada-em-serrinha-tecnico-de-enfermagem-fica-ferido\/","title":{"rendered":"Ambul\u00e2ncia do Samu \u00e9 apedrejada em Serrinha; t\u00e9cnico de enfermagem fica ferido"},"content":{"rendered":"\n<p><strong>Uma ambul\u00e2ncia do Servi\u00e7o de Atendimento M\u00f3vel de Urg\u00eancia (Samu) foi apedrejada na noite de domingo (21), \u00e0s margens da BR-116, em Serrinha, na regi\u00e3o sisaleira da Bahia.<\/strong><\/p>\n\n\n\n<!--more-->\n\n\n\n<p><strong>O ve\u00edculo seguia para atender um paciente em surto psiqui\u00e1trico, na zona rural do munic\u00edpio, quando foi alvo do ataque. Segundo a Prefeitura, os vidros da ambul\u00e2ncia ficaram destru\u00eddos.<\/strong><\/p>\n\n\n\n<p><strong>Um t\u00e9cnico de enfermagem que estava a bordo sofreu ferimentos leves. O motorista n\u00e3o se feriu. Por causa da a\u00e7\u00e3o, a equipe n\u00e3o conseguiu chegar ao destino e retornou para Serrinha, onde registrou boletim de ocorr\u00eancia. A ambul\u00e2ncia vai precisar de reparos e ficar\u00e1 temporariamente fora de opera\u00e7\u00e3o.<\/strong><\/p>\n\n\n\n<p><strong>Ainda de acordo com a gest\u00e3o municipal, n\u00e3o est\u00e1 descartada a possibilidade de a situa\u00e7\u00e3o ter sido um trote ou tentativa de assalto, j\u00e1 que o caso aconteceu em um trecho escuro e sem movimenta\u00e7\u00e3o.<\/strong><\/p>\n\n\n\n<p><strong>A Pol\u00edcia Civil informou que a 1\u00aa Delegacia Territorial de Serrinha apura a autoria do crime de dano e que dilig\u00eancias est\u00e3o em andamento para esclarecer o caso.<\/strong><\/p>\n\n\n\n<p><strong><em>Fonte: Not\u00edcias de Santaluz<\/em><\/strong><\/p>\n","protected":false},"excerpt":{"rendered":"<p>Uma ambul\u00e2ncia do Servi\u00e7o de Atendimento M\u00f3vel de Urg\u00eancia (Samu) foi apedrejada na noite de domingo (21), \u00e0s margens da BR-116, em Serrinha, na regi\u00e3o sisaleira da Bahia.<\/p>\n","protected":false},"author":2,"featured_media":75652,"comment_status":"open","ping_status":"open","sticky":false,"template":"","format":"standard","meta":{"om_disable_all_campaigns":false,"_monsterinsights_skip_tracking":false,"_monsterinsights_sitenote_active":false,"_monsterinsights_sitenote_note":"","_monsterinsights_sitenote_category":0,"footnotes":""},"categories":[33,70,69,22],"tags":[100,71,8347,48,75,4178,4180,129,107,299,4181,132,230,106,203,120,51,109,88,47,585,8051,111,190],"class_list":["post-75656","post","type-post","status-publish","format-standard","has-post-thumbnail","hentry","category-bahia","category-destaques","category-noticias2","category-seguranca","tag-adustina","tag-antas","tag-apedrejamento","tag-araci","tag-cicero-dantas","tag-cipo-2","tag-crisopolis-2","tag-euclides-da-cunha","tag-fatima","tag-ferido","tag-heliopolis-2","tag-itapicuru","tag-jeremoabo","tag-nova-soure","tag-novo-triunfo","tag-olindina","tag-paripiranga","tag-quijingue","tag-ribeira-do-amparo","tag-ribeira-do-pombal","tag-samu","tag-serrinha-bahia","tag-sitio-do-quinto","tag-tucano"],"aioseo_notices":[],"_links":{"self":[{"href":"https:\/\/www.portalalerta.com.br\/index.php\/wp-json\/wp\/v2\/posts\/75656","targetHints":{"allow":["GET"]}}],"collection":[{"href":"https:\/\/www.portalalerta.com.br\/index.php\/wp-json\/wp\/v2\/posts"}],"about":[{"href":"https:\/\/www.portalalerta.com.br\/index.php\/wp-json\/wp\/v2\/types\/post"}],"author":[{"embeddable":true,"href":"https:\/\/www.portalalerta.com.br\/index.php\/wp-json\/wp\/v2\/users\/2"}],"replies":[{"embeddable":true,"href":"https:\/\/www.portalalerta.com.br\/index.php\/wp-json\/wp\/v2\/comments?post=75656"}],"version-history":[{"count":1,"href":"https:\/\/www.portalalerta.com.br\/index.php\/wp-json\/wp\/v2\/posts\/75656\/revisions"}],"predecessor-version":[{"id":75657,"href":"https:\/\/www.portalalerta.com.br\/index.php\/wp-json\/wp\/v2\/posts\/75656\/revisions\/75657"}],"wp:featuredmedia":[{"embeddable":true,"href":"https:\/\/www.portalalerta.com.br\/index.php\/wp-json\/wp\/v2\/media\/75652"}],"wp:attachment":[{"href":"https:\/\/www.portalalerta.com.br\/index.php\/wp-json\/wp\/v2\/media?parent=75656"}],"wp:term":[{"taxonomy":"category","embeddable":true,"href":"https:\/\/www.portalalerta.com.br\/index.php\/wp-json\/wp\/v2\/categories?post=75656"},{"taxonomy":"post_tag","embeddable":true,"href":"https:\/\/www.portalalerta.com.br\/index.php\/wp-json\/wp\/v2\/tags?post=75656"}],"curies":[{"name":"wp","href":"https:\/\/api.w.org\/{rel}","templated":true}]}}