{"id":75784,"date":"2025-09-29T23:18:32","date_gmt":"2025-09-30T02:18:32","guid":{"rendered":"https:\/\/www.portalalerta.com.br\/?p=75784"},"modified":"2025-09-30T02:08:02","modified_gmt":"2025-09-30T05:08:02","slug":"coincidencia-apos-denuncias-numero-de-alunos-matriculados-na-eja-cai-22-em-cipo-ba","status":"publish","type":"post","link":"https:\/\/www.portalalerta.com.br\/index.php\/2025\/09\/29\/coincidencia-apos-denuncias-numero-de-alunos-matriculados-na-eja-cai-22-em-cipo-ba\/","title":{"rendered":"Coincid\u00eancia? Ap\u00f3s den\u00fancias, n\u00famero de alunos matriculados na EJA cai 22% em Cip\u00f3-BA"},"content":{"rendered":"\n<p>O site PORTAL ALERTA obteve uma documenta\u00e7\u00e3o fruto de um levantamento feito pela Serventec Assessoria, em que consta os resultados finais do Censo Escolar da Educa\u00e7\u00e3o B\u00e1sica de 2024, e preliminar 2025, no munic\u00edpio de Cip\u00f3-BA.<\/p>\n\n\n\n<!--more-->\n\n\n\n<p>No documento consta que em 2025, o munic\u00edpio de Cip\u00f3-BA, dever\u00e1 ter um decr\u00e9scimo de 958 alunos no geral, sendo que destes, 916 s\u00e3o ligados \u00e0 Educa\u00e7\u00e3o para Jovens e Adultos (EJA), justamente o programa que tem sido alvo de pol\u00eamica e investiga\u00e7\u00e3o na cidade.<\/p>\n\n\n\n<p>O site PORTAL ALERTA buscou informa\u00e7\u00f5es junto ao munic\u00edpio, para entender o porque tal queda, tendo em vista que nos \u00faltimos anos o n\u00famero de alunos matriculados no Programa superou a casa dos 1000%, chegando a representar 47% de toda a comunidade escolar. Diante da indaga\u00e7\u00e3o, at\u00e9 o fechamento desta mat\u00e9ria, n\u00e3o houve resposta ao referido canal de not\u00edcias.<\/p>\n\n\n\n<p>A suspeita inicial \u00e9 que a redu\u00e7\u00e3o das matr\u00edculas tenha rela\u00e7\u00e3o com as den\u00fancias e investiga\u00e7\u00f5es, junto aos Tribunais de Conta, e Minist\u00e9rio P\u00fablico, para apurar qualquer ind\u00edcio de irregularidade, mas diante do sil\u00eancio do poder executivo, as informa\u00e7\u00f5es n\u00e3o s\u00e3o oficiais. <a href=\"https:\/\/www.portalalerta.com.br\/index.php\/2025\/08\/28\/prefeitura-de-cipo-ba-estuda-possiblidade-de-demissao-em-massa-numero-pode-ser-superior-a-mil\/\"><strong>Vale ressaltar, que a den\u00fancia em rela\u00e7\u00e3o \u00e0 EJA j\u00e1 foi utilizada pelo prefeito Jos\u00e9 Marques (Marquinhos do Itapicuru), para justificar poss\u00edveis demiss\u00f5es.<\/strong><\/a><\/p>\n\n\n\n<p>Confira <strong><a href=\"https:\/\/www.portalalerta.com.br\/wp-content\/uploads\/2025\/09\/CIPO-BA-CENSO-2024-2025-PRELIMINAR.pdf\" title=\"\">AQUI<\/a><\/strong> o quadro feito pela Seventec Assessoria.<\/p>\n\n\n\n<p><strong>Links Relacionados:<\/strong><\/p>\n\n\n\n<p><a href=\"https:\/\/www.portalalerta.com.br\/index.php\/2025\/05\/05\/vereador-que-denunciou-possiveis-irregularidades-na-eja-em-cipo-ba-pede-protecao-apos-ter-casa-atacada-a-bombas\/\"><strong>Vereador que denunciou poss\u00edveis irregularidades na EJA em Cip\u00f3-BA, pede prote\u00e7\u00e3o ap\u00f3s ter casa atacada \u00e0 bombas<\/strong><\/a><\/p>\n\n\n\n<p><a href=\"https:\/\/www.portalalerta.com.br\/index.php\/2025\/04\/30\/prefeitura-de-cipo-ba-na-mira-dos-tribunais-e-cgu-por-suspeita-de-irregularidades-na-eja\/\"><strong>Prefeitura de Cip\u00f3-BA na mira dos tribunais e CGU por suspeita de irregularidades na EJA<\/strong><\/a><\/p>\n\n\n\n<p><a href=\"https:\/\/www.portalalerta.com.br\/index.php\/2025\/04\/16\/tcm-notifica-prefeito-de-cipo-ba-por-possiveis-irregularidades-no-eja\/\"><strong>TCM notifica prefeito de Cip\u00f3-BA por poss\u00edveis irregularidades no EJA<\/strong><\/a><\/p>\n\n\n\n<figure class=\"wp-block-embed is-type-video is-provider-youtube wp-block-embed-youtube wp-embed-aspect-4-3 wp-has-aspect-ratio\"><div class=\"wp-block-embed__wrapper\">\n<iframe title=\"Coincid\u00eancia? Ap\u00f3s den\u00fancias, n\u00famero de alunos matriculados na EJA cai 22% em Cip\u00f3-BA\" width=\"500\" height=\"375\" src=\"https:\/\/www.youtube.com\/embed\/8UCVyPXUTu0?feature=oembed\" frameborder=\"0\" allow=\"accelerometer; autoplay; clipboard-write; encrypted-media; gyroscope; picture-in-picture; web-share\" referrerpolicy=\"strict-origin-when-cross-origin\" allowfullscreen><\/iframe>\n<\/div><\/figure>\n\n\n\n<p><em>Reda\u00e7\u00e3o: Portal Alerta<\/em><\/p>\n","protected":false},"excerpt":{"rendered":"<p>O site PORTAL ALERTA obteve uma documenta\u00e7\u00e3o fruto de um levantamento feito pela Serventec Assessoria, em que consta os resultados finais do Censo Escolar da Educa\u00e7\u00e3o B\u00e1sica de 2024, e preliminar 2025, no munic\u00edpio de Cip\u00f3-BA.<\/p>\n","protected":false},"author":2,"featured_media":75785,"comment_status":"open","ping_status":"open","sticky":false,"template":"","format":"standard","meta":{"om_disable_all_campaigns":false,"_monsterinsights_skip_tracking":false,"_monsterinsights_sitenote_active":false,"_monsterinsights_sitenote_note":"","_monsterinsights_sitenote_category":0,"footnotes":""},"categories":[13,70,20,69,21,32,68],"tags":[100,71,48,75,4178,4180,140,1043,129,107,4181,132,230,106,203,120,51,109,88,47,111,190],"class_list":["post-75784","post","type-post","status-publish","format-standard","has-post-thumbnail","hentry","category-cipo","category-destaques","category-educacao","category-noticias2","category-politica","category-regiao","category-videos","tag-adustina","tag-antas","tag-araci","tag-cicero-dantas","tag-cipo-2","tag-crisopolis-2","tag-educacao","tag-eja","tag-euclides-da-cunha","tag-fatima","tag-heliopolis-2","tag-itapicuru","tag-jeremoabo","tag-nova-soure","tag-novo-triunfo","tag-olindina","tag-paripiranga","tag-quijingue","tag-ribeira-do-amparo","tag-ribeira-do-pombal","tag-sitio-do-quinto","tag-tucano"],"aioseo_notices":[],"_links":{"self":[{"href":"https:\/\/www.portalalerta.com.br\/index.php\/wp-json\/wp\/v2\/posts\/75784","targetHints":{"allow":["GET"]}}],"collection":[{"href":"https:\/\/www.portalalerta.com.br\/index.php\/wp-json\/wp\/v2\/posts"}],"about":[{"href":"https:\/\/www.portalalerta.com.br\/index.php\/wp-json\/wp\/v2\/types\/post"}],"author":[{"embeddable":true,"href":"https:\/\/www.portalalerta.com.br\/index.php\/wp-json\/wp\/v2\/users\/2"}],"replies":[{"embeddable":true,"href":"https:\/\/www.portalalerta.com.br\/index.php\/wp-json\/wp\/v2\/comments?post=75784"}],"version-history":[{"count":4,"href":"https:\/\/www.portalalerta.com.br\/index.php\/wp-json\/wp\/v2\/posts\/75784\/revisions"}],"predecessor-version":[{"id":75812,"href":"https:\/\/www.portalalerta.com.br\/index.php\/wp-json\/wp\/v2\/posts\/75784\/revisions\/75812"}],"wp:featuredmedia":[{"embeddable":true,"href":"https:\/\/www.portalalerta.com.br\/index.php\/wp-json\/wp\/v2\/media\/75785"}],"wp:attachment":[{"href":"https:\/\/www.portalalerta.com.br\/index.php\/wp-json\/wp\/v2\/media?parent=75784"}],"wp:term":[{"taxonomy":"category","embeddable":true,"href":"https:\/\/www.portalalerta.com.br\/index.php\/wp-json\/wp\/v2\/categories?post=75784"},{"taxonomy":"post_tag","embeddable":true,"href":"https:\/\/www.portalalerta.com.br\/index.php\/wp-json\/wp\/v2\/tags?post=75784"}],"curies":[{"name":"wp","href":"https:\/\/api.w.org\/{rel}","templated":true}]}}