{"id":75813,"date":"2025-10-01T21:40:58","date_gmt":"2025-10-02T00:40:58","guid":{"rendered":"https:\/\/www.portalalerta.com.br\/?p=75813"},"modified":"2025-10-01T21:41:00","modified_gmt":"2025-10-02T00:41:00","slug":"metanol-sobe-para-seis-o-numero-de-mortos-por-possivel-intoxicacao","status":"publish","type":"post","link":"https:\/\/www.portalalerta.com.br\/index.php\/2025\/10\/01\/metanol-sobe-para-seis-o-numero-de-mortos-por-possivel-intoxicacao\/","title":{"rendered":"Metanol: sobe para seis o n\u00famero de mortos por poss\u00edvel intoxica\u00e7\u00e3o"},"content":{"rendered":"\n<p>A morte de um paciente por contamina\u00e7\u00e3o por metanol, um morador da cidade de S\u00e3o Paulo, j\u00e1 foi confirmada; os demais \u00f3bitos est\u00e3o em investiga\u00e7\u00e3o<\/p>\n\n\n\n<!--more-->\n\n\n\n<p>Subiu para seis o n\u00famero de mortes no estado de S\u00e3o Paulo que podem estar ligadas \u00e0 intoxica\u00e7\u00e3o por metanol em bebidas alco\u00f3licas adulteradas.<\/p>\n\n\n\n<p>A morte de um paciente por contamina\u00e7\u00e3o por metanol, um morador da cidade de S\u00e3o Paulo, j\u00e1 foi confirmada; os demais \u00f3bitos est\u00e3o em investiga\u00e7\u00e3o.<\/p>\n\n\n\n<p>Dez casos de intoxica\u00e7\u00e3o foram confirmados pelas autoridades paulistas at\u00e9 o momento e 27 est\u00e3o sendo investigados.<\/p>\n\n\n<div class=\"wp-block-image\">\n<figure class=\"alignleft size-large is-resized\"><img fetchpriority=\"high\" decoding=\"async\" src=\"https:\/\/www.portalalerta.com.br\/wp-content\/uploads\/2024\/04\/autoescola-emprego-1024x1024.jpg\" alt=\"\" class=\"wp-image-55693\" width=\"389\" height=\"389\" srcset=\"https:\/\/www.portalalerta.com.br\/wp-content\/uploads\/2024\/04\/autoescola-emprego-1024x1024.jpg 1024w, https:\/\/www.portalalerta.com.br\/wp-content\/uploads\/2024\/04\/autoescola-emprego-240x240.jpg 240w, https:\/\/www.portalalerta.com.br\/wp-content\/uploads\/2024\/04\/autoescola-emprego-768x768.jpg 768w, https:\/\/www.portalalerta.com.br\/wp-content\/uploads\/2024\/04\/autoescola-emprego.jpg 1080w\" sizes=\"(max-width: 389px) 100vw, 389px\" \/><\/figure><\/div>\n\n\n<p>Seis estabelecimentos j\u00e1 foram interditados em fiscaliza\u00e7\u00f5es em busca de bebidas adulteradas; entre os alvos est\u00e3o bares, adegas e distribuidoras.<\/p>\n\n\n\n<p><strong>Estabelecimentos interditados<\/strong><\/p>\n\n\n\n<p>O governo de S\u00e3o Paulo interditou seis estabelecimentos suspeitos de comercializarem bebidas adulteradas com o composto qu\u00edmico&nbsp;<a href=\"https:\/\/www.band.com.br\/noticias\/o-que-se-sabe-sobre-os-casos-e-a-investigacao-por-intoxicacao-por-metanol-202510011153\"><strong>metanol<\/strong><\/a>.&nbsp;<br><br>Uma fiscaliza\u00e7\u00e3o conjunta entre as secretarias da Sa\u00fade, Seguran\u00e7a P\u00fablica, Fazenda e Justi\u00e7a em bares, adegas e distribuidoras apreendeu mais de 50 mil garrafas em todo o estado ao longo deste ano.&nbsp;<\/p>\n\n\n\n<p>Nesta quarta-feira (01), um grande lote de 128 mil garrafas de vodca foi lacrado em Barueri e aguarda apresenta\u00e7\u00e3o de documenta\u00e7\u00e3o para ser liberado.<\/p>\n\n\n\n<p><strong>Fechados temporariamente<\/strong><\/p>\n\n\n\n<ul class=\"wp-block-list\">\n<li>Bar Ministr\u00e3o (Jardins, Zona Oeste)<\/li>\n\n\n\n<li>Torres (Mooca, Zona Leste)<\/li>\n<\/ul>\n\n\n\n<p>Em defesa, o Ministr\u00e3o divulgou uma nota via redes sociais alegando a proced\u00eancia l\u00edcita das bebidas comercializadas, assim como a nota fiscal e proced\u00eancia dos produtos.&nbsp;<\/p>\n\n\n\n<p>O Torres, em comunidade oficial, seguiu a mesma linha e reafirmou o seu compromisso em garantir produtos de qualidade, al\u00e9m de se colocar \u00e0 disposi\u00e7\u00e3o das investiga\u00e7\u00f5es.&nbsp;<\/p>\n\n\n\n<p>Uma distribuidora de bebidas na Vila Mariana, Zona Sul de S\u00e3o Paulo, tamb\u00e9m foi interditada. Os \u00f3rg\u00e3os sanit\u00e1rios ainda fecharam um outro bar que fica em S\u00e3o Bernardo do Campo.&nbsp;<\/p>\n\n\n\n<p><em>Fonte: Band<\/em><\/p>\n","protected":false},"excerpt":{"rendered":"<p>A morte de um paciente por contamina\u00e7\u00e3o por metanol, um morador da cidade de S\u00e3o Paulo, j\u00e1 foi confirmada; os demais \u00f3bitos est\u00e3o em investiga\u00e7\u00e3o<\/p>\n","protected":false},"author":2,"featured_media":75814,"comment_status":"open","ping_status":"open","sticky":false,"template":"","format":"standard","meta":{"om_disable_all_campaigns":false,"_monsterinsights_skip_tracking":false,"_monsterinsights_sitenote_active":false,"_monsterinsights_sitenote_note":"","_monsterinsights_sitenote_category":0,"footnotes":""},"categories":[34,70,69,22],"tags":[],"class_list":["post-75813","post","type-post","status-publish","format-standard","has-post-thumbnail","hentry","category-brasil","category-destaques","category-noticias2","category-seguranca"],"aioseo_notices":[],"_links":{"self":[{"href":"https:\/\/www.portalalerta.com.br\/index.php\/wp-json\/wp\/v2\/posts\/75813","targetHints":{"allow":["GET"]}}],"collection":[{"href":"https:\/\/www.portalalerta.com.br\/index.php\/wp-json\/wp\/v2\/posts"}],"about":[{"href":"https:\/\/www.portalalerta.com.br\/index.php\/wp-json\/wp\/v2\/types\/post"}],"author":[{"embeddable":true,"href":"https:\/\/www.portalalerta.com.br\/index.php\/wp-json\/wp\/v2\/users\/2"}],"replies":[{"embeddable":true,"href":"https:\/\/www.portalalerta.com.br\/index.php\/wp-json\/wp\/v2\/comments?post=75813"}],"version-history":[{"count":1,"href":"https:\/\/www.portalalerta.com.br\/index.php\/wp-json\/wp\/v2\/posts\/75813\/revisions"}],"predecessor-version":[{"id":75815,"href":"https:\/\/www.portalalerta.com.br\/index.php\/wp-json\/wp\/v2\/posts\/75813\/revisions\/75815"}],"wp:featuredmedia":[{"embeddable":true,"href":"https:\/\/www.portalalerta.com.br\/index.php\/wp-json\/wp\/v2\/media\/75814"}],"wp:attachment":[{"href":"https:\/\/www.portalalerta.com.br\/index.php\/wp-json\/wp\/v2\/media?parent=75813"}],"wp:term":[{"taxonomy":"category","embeddable":true,"href":"https:\/\/www.portalalerta.com.br\/index.php\/wp-json\/wp\/v2\/categories?post=75813"},{"taxonomy":"post_tag","embeddable":true,"href":"https:\/\/www.portalalerta.com.br\/index.php\/wp-json\/wp\/v2\/tags?post=75813"}],"curies":[{"name":"wp","href":"https:\/\/api.w.org\/{rel}","templated":true}]}}