{"id":75816,"date":"2025-10-01T21:52:47","date_gmt":"2025-10-02T00:52:47","guid":{"rendered":"https:\/\/www.portalalerta.com.br\/?p=75816"},"modified":"2025-10-01T21:56:44","modified_gmt":"2025-10-02T00:56:44","slug":"ambulantes-tem-ate-3-de-outubro-para-se-credenciar-e-garantir-espaco-na-festa-de-outubro","status":"publish","type":"post","link":"https:\/\/www.portalalerta.com.br\/index.php\/2025\/10\/01\/ambulantes-tem-ate-3-de-outubro-para-se-credenciar-e-garantir-espaco-na-festa-de-outubro\/","title":{"rendered":"Ambulantes t\u00eam at\u00e9 3 de outubro para se credenciar e garantir espa\u00e7o na Festa de Outubro"},"content":{"rendered":"\n<p>A Prefeitura de Ribeira do Pombal divulgou, nesta quarta-feira (1\u00ba), a errata ao Decreto n\u00ba 065\/2025, que retifica o prazo para credenciamento dos ambulantes interessados em trabalhar na tradicional Festa de Outubro.<\/p>\n\n\n\n<!--more-->\n\n\n\n<p>De acordo com o texto, o credenciamento ser\u00e1 realizado entre os dias&nbsp;<strong>1\u00ba e 3 de outubro<\/strong>, no&nbsp;<strong>Fisco Municipal na pra\u00e7a Get\u00falio Vargas<\/strong>, onde os ambulantes dever\u00e3o comparecer munidos de toda a documenta\u00e7\u00e3o exigida. No local, tamb\u00e9m ser\u00e1 entregue o&nbsp;<strong>Documento de Arrecada\u00e7\u00e3o Municipal (DAM)<\/strong>, que deve ser pago na rede banc\u00e1ria.<\/p>\n\n\n\n<p>A gest\u00e3o municipal refor\u00e7a que apenas os profissionais devidamente credenciados dentro do prazo estar\u00e3o autorizados a comercializar durante o evento. A medida busca garantir a organiza\u00e7\u00e3o, a seguran\u00e7a e a igualdade de oportunidades entre os trabalhadores que participam da festa.<\/p>\n\n\n\n<p>A Festa de Outubro \u00e9 um dos maiores festivais a portas abertas do Brasil, atraindo visitantes de v\u00e1rias partes do pa\u00eds. A expectativa da organiza\u00e7\u00e3o \u00e9 de que este ano o n\u00famero de participantes supere as edi\u00e7\u00f5es anteriores, movimentando a economia local em diversos setores.<\/p>\n\n\n\n<p><em>Fonte: SECOM\/ Ribeira do Pombal<\/em><\/p>\n","protected":false},"excerpt":{"rendered":"<p>A Prefeitura de Ribeira do Pombal divulgou, nesta quarta-feira (1\u00ba), a errata ao Decreto n\u00ba 065\/2025, que retifica o prazo para credenciamento dos ambulantes interessados em trabalhar na tradicional Festa de Outubro.<\/p>\n","protected":false},"author":2,"featured_media":75817,"comment_status":"open","ping_status":"open","sticky":false,"template":"","format":"standard","meta":{"om_disable_all_campaigns":false,"_monsterinsights_skip_tracking":false,"_monsterinsights_sitenote_active":false,"_monsterinsights_sitenote_note":"","_monsterinsights_sitenote_category":0,"footnotes":""},"categories":[70,36,69,32,3],"tags":[100,8363,71,48,75,4178,4180,129,107,914,4181,132,230,106,203,120,51,109,88,47,111,190],"class_list":["post-75816","post","type-post","status-publish","format-standard","has-post-thumbnail","hentry","category-destaques","category-lazer","category-noticias2","category-regiao","category-ribeira-do-pombal","tag-adustina","tag-ambulantes","tag-antas","tag-araci","tag-cicero-dantas","tag-cipo-2","tag-crisopolis-2","tag-euclides-da-cunha","tag-fatima","tag-festa-de-outubro","tag-heliopolis-2","tag-itapicuru","tag-jeremoabo","tag-nova-soure","tag-novo-triunfo","tag-olindina","tag-paripiranga","tag-quijingue","tag-ribeira-do-amparo","tag-ribeira-do-pombal","tag-sitio-do-quinto","tag-tucano"],"aioseo_notices":[],"_links":{"self":[{"href":"https:\/\/www.portalalerta.com.br\/index.php\/wp-json\/wp\/v2\/posts\/75816","targetHints":{"allow":["GET"]}}],"collection":[{"href":"https:\/\/www.portalalerta.com.br\/index.php\/wp-json\/wp\/v2\/posts"}],"about":[{"href":"https:\/\/www.portalalerta.com.br\/index.php\/wp-json\/wp\/v2\/types\/post"}],"author":[{"embeddable":true,"href":"https:\/\/www.portalalerta.com.br\/index.php\/wp-json\/wp\/v2\/users\/2"}],"replies":[{"embeddable":true,"href":"https:\/\/www.portalalerta.com.br\/index.php\/wp-json\/wp\/v2\/comments?post=75816"}],"version-history":[{"count":2,"href":"https:\/\/www.portalalerta.com.br\/index.php\/wp-json\/wp\/v2\/posts\/75816\/revisions"}],"predecessor-version":[{"id":75825,"href":"https:\/\/www.portalalerta.com.br\/index.php\/wp-json\/wp\/v2\/posts\/75816\/revisions\/75825"}],"wp:featuredmedia":[{"embeddable":true,"href":"https:\/\/www.portalalerta.com.br\/index.php\/wp-json\/wp\/v2\/media\/75817"}],"wp:attachment":[{"href":"https:\/\/www.portalalerta.com.br\/index.php\/wp-json\/wp\/v2\/media?parent=75816"}],"wp:term":[{"taxonomy":"category","embeddable":true,"href":"https:\/\/www.portalalerta.com.br\/index.php\/wp-json\/wp\/v2\/categories?post=75816"},{"taxonomy":"post_tag","embeddable":true,"href":"https:\/\/www.portalalerta.com.br\/index.php\/wp-json\/wp\/v2\/tags?post=75816"}],"curies":[{"name":"wp","href":"https:\/\/api.w.org\/{rel}","templated":true}]}}