{"id":75901,"date":"2025-10-03T18:12:24","date_gmt":"2025-10-03T21:12:24","guid":{"rendered":"https:\/\/www.portalalerta.com.br\/?p=75901"},"modified":"2025-10-03T18:12:26","modified_gmt":"2025-10-03T21:12:26","slug":"hamas-concorda-em-libertar-refens-como-parte-do-acordo-dos-eua","status":"publish","type":"post","link":"https:\/\/www.portalalerta.com.br\/index.php\/2025\/10\/03\/hamas-concorda-em-libertar-refens-como-parte-do-acordo-dos-eua\/","title":{"rendered":"Hamas concorda em libertar ref\u00e9ns como parte do acordo dos EUA"},"content":{"rendered":"\n<p>Grupo palestino sinalizou prontid\u00e3o para entrar em negocia\u00e7\u00f5es para discutir os detalhes do acordo<\/p>\n\n\n\n<!--more-->\n\n\n\n<p>O Hamas disse, nesta sexta (3), que concorda em libertar todos os ref\u00e9ns israelenses, vivos ou mortos, como parte do plano de paz de Gaza proposto pelos EUA.<\/p>\n\n\n\n<p>Em um comunicado, o grupo palestino acrescentou que est\u00e1 pronto para engajar imediatamente em negocia\u00e7\u00f5es atrav\u00e9s de mediadores para discutir detalhes do acordo.<\/p>\n\n\n<div class=\"wp-block-image\">\n<figure class=\"alignleft size-large is-resized\"><img fetchpriority=\"high\" decoding=\"async\" src=\"https:\/\/www.portalalerta.com.br\/wp-content\/uploads\/2024\/04\/autoescola-emprego-1024x1024.jpg\" alt=\"\" class=\"wp-image-55693\" width=\"387\" height=\"387\" srcset=\"https:\/\/www.portalalerta.com.br\/wp-content\/uploads\/2024\/04\/autoescola-emprego-1024x1024.jpg 1024w, https:\/\/www.portalalerta.com.br\/wp-content\/uploads\/2024\/04\/autoescola-emprego-240x240.jpg 240w, https:\/\/www.portalalerta.com.br\/wp-content\/uploads\/2024\/04\/autoescola-emprego-768x768.jpg 768w, https:\/\/www.portalalerta.com.br\/wp-content\/uploads\/2024\/04\/autoescola-emprego.jpg 1080w\" sizes=\"(max-width: 387px) 100vw, 387px\" \/><\/figure><\/div>\n\n\n<p>O&nbsp;<a href=\"https:\/\/www.cnnbrasil.com.br\/internacional\/hamas-nao-deve-aceitar-proposta-de-trump-sem-mudancas-dizem-diplomatas\/\">Hamas<\/a>&nbsp;reiterou o acordo de entregar a administra\u00e7\u00e3o da&nbsp;Faixa&nbsp;de Gaza&nbsp;a um organismo palestino independente &#8220;com base no consenso nacional palestino e com apoio \u00e1rabe e isl\u00e2mico&#8221;.<\/p>\n\n\n\n<p>Segundo um funcion\u00e1rio do Hamas, o grupo n\u00e3o de desarmar\u00e1 antes do fim da ocupa\u00e7\u00e3o israelense.<\/p>\n\n\n\n<p><strong>Entenda o plano dos EUA para Gaza<\/strong><\/p>\n\n\n\n<p>A Casa Branca divulgou nesta segunda-feira (29) os<a href=\"https:\/\/www.cnnbrasil.com.br\/internacional\/eua-divulgam-plano-de-trump-para-acabar-com-guerra-em-gaza-veja\/\" target=\"_blank\" rel=\"noreferrer noopener\">&nbsp;principais pontos do plano apresentado<\/a>&nbsp;pelo governo do presidente dos Estados Unidos, Donald Trump, para acabar com a guerra na Faixa de Gaza.<\/p>\n\n\n\n<p>A proposta do governo americano prev\u00ea um governo internacional tempor\u00e1rio, que seria chamado de \u201cConselho da Paz\u201d, chefiado e presidido por Trump, com outros membros e chefes de Estado a serem anunciados, incluindo o ex-primeiro-ministro do Reino Unido Tony Blair.<\/p>\n\n\n\n<p>O controle de Gaza seria posteriormente cedido \u00e0 Autoridade Palestina.<\/p>\n\n\n\n<p>O&nbsp;<a href=\"https:\/\/www.cnnbrasil.com.br\/internacional\/plano-de-paz-com-21-pontos-anima-trump-sobre-fim-da-guerra-em-gaza\/\" target=\"_blank\" rel=\"noreferrer noopener\">plano apresentado por Trump<\/a>&nbsp;prev\u00ea um cessar-fogo permanente e a liberta\u00e7\u00e3o de todos os ref\u00e9ns que continuam nas m\u00e3os do Hamas, vivos ou mortos. Em troca, Israel libertar\u00e1 presos palestinos e devolver\u00e1 restos mortais de pessoas de Gaza.<\/p>\n\n\n\n<p>O acordo sugere ainda que Gaza n\u00e3o ser\u00e1 anexada por Israel e que o Hamas n\u00e3o ter\u00e1 participa\u00e7\u00e3o no governo do territ\u00f3rio. Integrantes do grupo palestino que se renderem seriam anistiados.<\/p>\n\n\n\n<p>A&nbsp;<a href=\"https:\/\/www.cnnbrasil.com.br\/internacional\/trump-diz-ter-recebido-boa-resposta-a-plano-de-paz-para-gaza\/\" target=\"_blank\" rel=\"noreferrer noopener\">proposta tamb\u00e9m inclui<\/a>&nbsp;a retirada gradual das for\u00e7as israelenses de Gaza e a desmilitariza\u00e7\u00e3o do territ\u00f3rio.<\/p>\n\n\n\n<p><em>Fonte: CNN<\/em><\/p>\n","protected":false},"excerpt":{"rendered":"<p>Grupo palestino sinalizou prontid\u00e3o para entrar em negocia\u00e7\u00f5es para discutir os detalhes do acordo<\/p>\n","protected":false},"author":2,"featured_media":56296,"comment_status":"open","ping_status":"open","sticky":false,"template":"","format":"standard","meta":{"om_disable_all_campaigns":false,"_monsterinsights_skip_tracking":false,"_monsterinsights_sitenote_active":false,"_monsterinsights_sitenote_note":"","_monsterinsights_sitenote_category":0,"footnotes":""},"categories":[70,35,69,21],"tags":[1025,100,71,48,75,4178,4180,327,129,107,2517,4181,132,230,106,203,120,51,109,4026,88,47,111,190],"class_list":["post-75901","post","type-post","status-publish","format-standard","has-post-thumbnail","hentry","category-destaques","category-mundo","category-noticias2","category-politica","tag-acordo","tag-adustina","tag-antas","tag-araci","tag-cicero-dantas","tag-cipo-2","tag-crisopolis-2","tag-eua","tag-euclides-da-cunha","tag-fatima","tag-hamas","tag-heliopolis-2","tag-itapicuru","tag-jeremoabo","tag-nova-soure","tag-novo-triunfo","tag-olindina","tag-paripiranga","tag-quijingue","tag-refens","tag-ribeira-do-amparo","tag-ribeira-do-pombal","tag-sitio-do-quinto","tag-tucano"],"aioseo_notices":[],"_links":{"self":[{"href":"https:\/\/www.portalalerta.com.br\/index.php\/wp-json\/wp\/v2\/posts\/75901","targetHints":{"allow":["GET"]}}],"collection":[{"href":"https:\/\/www.portalalerta.com.br\/index.php\/wp-json\/wp\/v2\/posts"}],"about":[{"href":"https:\/\/www.portalalerta.com.br\/index.php\/wp-json\/wp\/v2\/types\/post"}],"author":[{"embeddable":true,"href":"https:\/\/www.portalalerta.com.br\/index.php\/wp-json\/wp\/v2\/users\/2"}],"replies":[{"embeddable":true,"href":"https:\/\/www.portalalerta.com.br\/index.php\/wp-json\/wp\/v2\/comments?post=75901"}],"version-history":[{"count":1,"href":"https:\/\/www.portalalerta.com.br\/index.php\/wp-json\/wp\/v2\/posts\/75901\/revisions"}],"predecessor-version":[{"id":75902,"href":"https:\/\/www.portalalerta.com.br\/index.php\/wp-json\/wp\/v2\/posts\/75901\/revisions\/75902"}],"wp:featuredmedia":[{"embeddable":true,"href":"https:\/\/www.portalalerta.com.br\/index.php\/wp-json\/wp\/v2\/media\/56296"}],"wp:attachment":[{"href":"https:\/\/www.portalalerta.com.br\/index.php\/wp-json\/wp\/v2\/media?parent=75901"}],"wp:term":[{"taxonomy":"category","embeddable":true,"href":"https:\/\/www.portalalerta.com.br\/index.php\/wp-json\/wp\/v2\/categories?post=75901"},{"taxonomy":"post_tag","embeddable":true,"href":"https:\/\/www.portalalerta.com.br\/index.php\/wp-json\/wp\/v2\/tags?post=75901"}],"curies":[{"name":"wp","href":"https:\/\/api.w.org\/{rel}","templated":true}]}}