{"id":75907,"date":"2025-10-03T19:07:07","date_gmt":"2025-10-03T22:07:07","guid":{"rendered":"https:\/\/www.portalalerta.com.br\/?p=75907"},"modified":"2025-10-03T19:07:09","modified_gmt":"2025-10-03T22:07:09","slug":"bahia-registra-primeira-morte-suspeita-por-intoxicacao-de-metanol","status":"publish","type":"post","link":"https:\/\/www.portalalerta.com.br\/index.php\/2025\/10\/03\/bahia-registra-primeira-morte-suspeita-por-intoxicacao-de-metanol\/","title":{"rendered":"Bahia registra primeira morte suspeita por intoxica\u00e7\u00e3o de metanol"},"content":{"rendered":"\n<p>Homem de 56 anos morreu em Unidade de Pronto Atendimento (UPA) de Queimadinha, em Feira de Santana<\/p>\n\n\n\n<!--more-->\n\n\n\n<p>A Secretaria da Sa\u00fade do Estado da Bahia (Sesab) e a Secretaria Municipal de Sa\u00fade de Feira de Santana investigam um caso suspeito de<a href=\"https:\/\/www.correio24horas.com.br\/saude\/evite-consumir-destilados-ministro-da-saude-faz-alerta-apos-aumento-de-intoxicacao-por-metanol-1025\" target=\"_blank\" rel=\"noreferrer noopener\">&nbsp;intoxica\u00e7\u00e3o por metanol&nbsp;<\/a>na cidade. O paciente, um homem de 56 anos, deu entrada na Unidade de Pronto Atendimento (UPA) da Queimadinha e morreu na madrugada desta sexta-feira (3).<\/p>\n\n\n\n<p>Segundo a Sesab, amostras biol\u00f3gicas ser\u00e3o coletadas e encaminhadas para an\u00e1lise laboratorial a fim de confirmar ou descartar a hip\u00f3tese de intoxica\u00e7\u00e3o. O resultado sai em at\u00e9 sete dias.<\/p>\n\n\n\n<p>De acordo com informa\u00e7\u00f5es da TV Bahia, o paciente foi identificado como Marcos Evandro Santana da Costa e era dependente alco\u00f3lico. Ele foi encontrado por familiares em casa, com altera\u00e7\u00e3o do n\u00edvel de consci\u00eancia e palidez.&nbsp;<\/p>\n\n\n\n<p>familiar encontrou Marcos em asa com altera\u00e7\u00e3o do n\u00edvel de consci\u00eancia e palidez e levou para UPA. J\u00e1 era uma pessoa que tinha depend\u00eancia de \u00e1lcool. Foi coletada amostra de sangue e resultado sair\u00e1 em sete dias.<\/p>\n\n\n\n<p>Nesta sexta, houve um reuni\u00e3o emergencial para investiga\u00e7\u00e3o do caso entre as equipes de vigil\u00e2ncia do Estado e munic\u00edpio, com a presen\u00e7a da titular da Sesab, Roberta Santana,&nbsp; e do secret\u00e1rio de Sa\u00fade de Feira, Rodrigo Matos.<\/p>\n\n\n\n<p>&#8220;Como medida preventiva, a Sesab j\u00e1 havia emitido&nbsp;<\/p>\n\n\n\n<p>orienta\u00e7\u00e3o<\/p>\n\n\n\n<p>&nbsp;\u00e0s unidades de sa\u00fade da rede privada e \u00e0s portas de urg\u00eancia e emerg\u00eancia da rede p\u00fablica para que estejam atentas a poss\u00edveis situa\u00e7\u00f5es cl\u00ednicas compat\u00edveis com intoxica\u00e7\u00e3o por metanol e que quaisquer notifica\u00e7\u00f5es sejam imediatamente comunicadas, possibilitando r\u00e1pida investiga\u00e7\u00e3o e ado\u00e7\u00e3o das medidas necess\u00e1rias&#8221;, diz trecho da nota oficial.<\/p>\n\n\n\n<p>O caso ser\u00e1 acompanhado pelas equipes de vigil\u00e2ncia do Estado e do munic\u00edpio, em articula\u00e7\u00e3o com a Secretaria da Seguran\u00e7a P\u00fablica do Estado.<\/p>\n\n\n\n<p><strong>Alerta<\/strong><\/p>\n\n\n\n<p>O ministro da Sa\u00fade, Alexandre Padilha, fez um alerta sobre os riscos do consumo de bebidas destiladas de origem desconhecida, especialmente as incolores. A recomenda\u00e7\u00e3o de Padilha, que foi feita na quinta-feira (2), surgiu ap\u00f3s o aumento de casos de intoxica\u00e7\u00e3o por metanol no pa\u00eds.<\/p>\n\n\n\n<p>&#8220;Recomendo, como ministro da Sa\u00fade e tamb\u00e9m como m\u00e9dico: evite consumir destilados, especialmente os incolores, se voc\u00ea n\u00e3o tem certeza da proced\u00eancia. N\u00e3o se trata de um item essencial como os da cesta b\u00e1sica, mas sim de um produto ligado ao lazer. Evitar seu consumo, neste momento, n\u00e3o causa nenhum preju\u00edzo \u00e0 vida das pessoas&#8221;, afirmou Padilha.<\/p>\n\n\n\n<p>O Minist\u00e9rio da Sa\u00fade recebeu 59 notifica\u00e7\u00f5es de poss\u00edveis intoxica\u00e7\u00f5es por metanol no Brasil. Dos registros, 53 aconteceram em S\u00e3o Paulo, cinco em Pernambuco e um no Distrito Federal. Desses, 11 j\u00e1 tiveram a presen\u00e7a de metanol confirmada por exames laboratoriais.<\/p>\n\n\n\n<p><em>Fonte: Correio 24horas<\/em><\/p>\n","protected":false},"excerpt":{"rendered":"<p>Homem de 56 anos morreu em Unidade de Pronto Atendimento (UPA) de Queimadinha, em Feira de Santana<\/p>\n","protected":false},"author":2,"featured_media":75905,"comment_status":"open","ping_status":"open","sticky":false,"template":"","format":"standard","meta":{"om_disable_all_campaigns":false,"_monsterinsights_skip_tracking":false,"_monsterinsights_sitenote_active":false,"_monsterinsights_sitenote_note":"","_monsterinsights_sitenote_category":0,"footnotes":""},"categories":[33,70,69,19,22],"tags":[100,71,48,54,75,4178,4180,129,107,377,4181,5893,132,230,8362,106,203,120,51,109,88,47,111,190],"class_list":["post-75907","post","type-post","status-publish","format-standard","has-post-thumbnail","hentry","category-bahia","category-destaques","category-noticias2","category-saude","category-seguranca","tag-adustina","tag-antas","tag-araci","tag-bahia","tag-cicero-dantas","tag-cipo-2","tag-crisopolis-2","tag-euclides-da-cunha","tag-fatima","tag-feira-de-santana","tag-heliopolis-2","tag-intoxicacao","tag-itapicuru","tag-jeremoabo","tag-metanol","tag-nova-soure","tag-novo-triunfo","tag-olindina","tag-paripiranga","tag-quijingue","tag-ribeira-do-amparo","tag-ribeira-do-pombal","tag-sitio-do-quinto","tag-tucano"],"aioseo_notices":[],"_links":{"self":[{"href":"https:\/\/www.portalalerta.com.br\/index.php\/wp-json\/wp\/v2\/posts\/75907","targetHints":{"allow":["GET"]}}],"collection":[{"href":"https:\/\/www.portalalerta.com.br\/index.php\/wp-json\/wp\/v2\/posts"}],"about":[{"href":"https:\/\/www.portalalerta.com.br\/index.php\/wp-json\/wp\/v2\/types\/post"}],"author":[{"embeddable":true,"href":"https:\/\/www.portalalerta.com.br\/index.php\/wp-json\/wp\/v2\/users\/2"}],"replies":[{"embeddable":true,"href":"https:\/\/www.portalalerta.com.br\/index.php\/wp-json\/wp\/v2\/comments?post=75907"}],"version-history":[{"count":1,"href":"https:\/\/www.portalalerta.com.br\/index.php\/wp-json\/wp\/v2\/posts\/75907\/revisions"}],"predecessor-version":[{"id":75908,"href":"https:\/\/www.portalalerta.com.br\/index.php\/wp-json\/wp\/v2\/posts\/75907\/revisions\/75908"}],"wp:featuredmedia":[{"embeddable":true,"href":"https:\/\/www.portalalerta.com.br\/index.php\/wp-json\/wp\/v2\/media\/75905"}],"wp:attachment":[{"href":"https:\/\/www.portalalerta.com.br\/index.php\/wp-json\/wp\/v2\/media?parent=75907"}],"wp:term":[{"taxonomy":"category","embeddable":true,"href":"https:\/\/www.portalalerta.com.br\/index.php\/wp-json\/wp\/v2\/categories?post=75907"},{"taxonomy":"post_tag","embeddable":true,"href":"https:\/\/www.portalalerta.com.br\/index.php\/wp-json\/wp\/v2\/tags?post=75907"}],"curies":[{"name":"wp","href":"https:\/\/api.w.org\/{rel}","templated":true}]}}