{"id":75935,"date":"2025-10-04T17:56:46","date_gmt":"2025-10-04T20:56:46","guid":{"rendered":"https:\/\/www.portalalerta.com.br\/?p=75935"},"modified":"2025-10-04T23:32:01","modified_gmt":"2025-10-05T02:32:01","slug":"guarda-civil-que-atua-como-carcereiro-e-preso-por-porte-ilegal-de-arma-de-fogo-em-sitio-do-quinto-ba","status":"publish","type":"post","link":"https:\/\/www.portalalerta.com.br\/index.php\/2025\/10\/04\/guarda-civil-que-atua-como-carcereiro-e-preso-por-porte-ilegal-de-arma-de-fogo-em-sitio-do-quinto-ba\/","title":{"rendered":"Guarda Civil que atua como carcereiro, \u00e9 preso por porte ilegal de arma de fogo, em S\u00edtio do Quinto-BA"},"content":{"rendered":"\n<p>Uma a\u00e7\u00e3o realizada por policiais militares da Companhia de Emprego T\u00e1tico Operacional (CETO), que participavam da Opera\u00e7\u00e3o Cactus, no munic\u00edpio de S\u00edtio do Quinto-BA, prenderam um Guarda Civil Municipal, que atua como carcereiro na Delegacia de Pol\u00edcia Civil local.<\/p>\n\n\n\n<!--more-->\n\n\n<div class=\"wp-block-image\">\n<figure class=\"alignleft size-large is-resized\"><img decoding=\"async\" src=\"https:\/\/www.portalalerta.com.br\/wp-content\/uploads\/2025\/09\/Real-Semana-do-Cliente-2025-819x1024.jpeg\" alt=\"\" class=\"wp-image-75452\" width=\"435\" srcset=\"https:\/\/www.portalalerta.com.br\/wp-content\/uploads\/2025\/09\/Real-Semana-do-Cliente-2025-819x1024.jpeg 819w, https:\/\/www.portalalerta.com.br\/wp-content\/uploads\/2025\/09\/Real-Semana-do-Cliente-2025-192x240.jpeg 192w, https:\/\/www.portalalerta.com.br\/wp-content\/uploads\/2025\/09\/Real-Semana-do-Cliente-2025-768x960.jpeg 768w, https:\/\/www.portalalerta.com.br\/wp-content\/uploads\/2025\/09\/Real-Semana-do-Cliente-2025.jpeg 1024w\" sizes=\"(max-width: 819px) 100vw, 819px\" \/><\/figure><\/div>\n\n\n<p>A a\u00e7\u00e3o aconteceu por volta das 14h30 da \u00faltima sexta-feira (03), na Rua Sebasti\u00e3o Borges, centro da cidade, quando os militares que realizavam rondas no local, perceberam um homem a bordo de uma moto, apresentando um volume na cintura, aparentando ser uma arma de fogo. Ao perceber a aproxima\u00e7\u00e3o policial, o homem identificado como Jos\u00e9 M\u00e1rcio Pereira de Carvalho, teria tentado fugir, por\u00e9m sem sucesso. O mesmo foi submetido a uma busca pessoal, com quem foi encontrado um rev\u00f3lver cal. 32, contendo 06 muni\u00e7\u00f5es intactas. Inicialmente, o rapaz teria informado ser policial civil, por\u00e9m desmentiu logo em seguida.<\/p>\n\n\n\n<p>Diante dos fatos, o Guarda Civil foi conduzido para a Delegacia de Pol\u00edcia Civil, onde trabalha atualmente, sendo apresentado em flagrante por porte ilegal de arma de fogo. Ainda de acordo com informa\u00e7\u00f5es preliminares, o Delegado da Pol\u00edcia Civil arbitrou uma fian\u00e7a no valor de R$ 500,00. N\u00e3o foi informado se o valor foi pago e se o Guarda Civil foi liberado.<\/p>\n\n\n\n<figure class=\"wp-block-embed is-type-video is-provider-youtube wp-block-embed-youtube wp-embed-aspect-9-16 wp-has-aspect-ratio\"><div class=\"wp-block-embed__wrapper\">\n<iframe title=\"Guarda Civil que atua como carcereiro, \u00e9 preso por porte ilegal de arma de fogo, em S\u00edtio do Quinto\" width=\"422\" height=\"750\" src=\"https:\/\/www.youtube.com\/embed\/XWghWzu_E1Y?feature=oembed\" frameborder=\"0\" allow=\"accelerometer; autoplay; clipboard-write; encrypted-media; gyroscope; picture-in-picture; web-share\" referrerpolicy=\"strict-origin-when-cross-origin\" allowfullscreen><\/iframe>\n<\/div><\/figure>\n\n\n\n<p><em>Reda\u00e7\u00e3o: Portal Alerta<\/em><\/p>\n","protected":false},"excerpt":{"rendered":"<p>Uma a\u00e7\u00e3o realizada por policiais militares da Companhia de Emprego T\u00e1tico Operacional (CETO), que participavam da Opera\u00e7\u00e3o Cactus, no munic\u00edpio de S\u00edtio do Quinto-BA, prenderam um Guarda Civil Municipal, que atua como carcereiro na Delegacia de Pol\u00edcia Civil local.<\/p>\n","protected":false},"author":2,"featured_media":75931,"comment_status":"open","ping_status":"open","sticky":false,"template":"","format":"standard","meta":{"om_disable_all_campaigns":false,"_monsterinsights_skip_tracking":false,"_monsterinsights_sitenote_active":false,"_monsterinsights_sitenote_note":"","_monsterinsights_sitenote_category":0,"footnotes":""},"categories":[70,69,32,22,7,68],"tags":[789,100,71,48,409,75,4178,4180,129,107,313,4181,132,230,106,203,120,51,79,83,109,88,47,111,190],"class_list":["post-75935","post","type-post","status-publish","format-standard","has-post-thumbnail","hentry","category-destaques","category-noticias2","category-regiao","category-seguranca","category-sitio-do-quinto","category-videos","tag-20o-bpm","tag-adustina","tag-antas","tag-araci","tag-ceto","tag-cicero-dantas","tag-cipo-2","tag-crisopolis-2","tag-euclides-da-cunha","tag-fatima","tag-gcm","tag-heliopolis-2","tag-itapicuru","tag-jeremoabo","tag-nova-soure","tag-novo-triunfo","tag-olindina","tag-paripiranga","tag-policia-militar","tag-porte-ilegal-de-arma-de-fogo","tag-quijingue","tag-ribeira-do-amparo","tag-ribeira-do-pombal","tag-sitio-do-quinto","tag-tucano"],"aioseo_notices":[],"_links":{"self":[{"href":"https:\/\/www.portalalerta.com.br\/index.php\/wp-json\/wp\/v2\/posts\/75935","targetHints":{"allow":["GET"]}}],"collection":[{"href":"https:\/\/www.portalalerta.com.br\/index.php\/wp-json\/wp\/v2\/posts"}],"about":[{"href":"https:\/\/www.portalalerta.com.br\/index.php\/wp-json\/wp\/v2\/types\/post"}],"author":[{"embeddable":true,"href":"https:\/\/www.portalalerta.com.br\/index.php\/wp-json\/wp\/v2\/users\/2"}],"replies":[{"embeddable":true,"href":"https:\/\/www.portalalerta.com.br\/index.php\/wp-json\/wp\/v2\/comments?post=75935"}],"version-history":[{"count":2,"href":"https:\/\/www.portalalerta.com.br\/index.php\/wp-json\/wp\/v2\/posts\/75935\/revisions"}],"predecessor-version":[{"id":75942,"href":"https:\/\/www.portalalerta.com.br\/index.php\/wp-json\/wp\/v2\/posts\/75935\/revisions\/75942"}],"wp:featuredmedia":[{"embeddable":true,"href":"https:\/\/www.portalalerta.com.br\/index.php\/wp-json\/wp\/v2\/media\/75931"}],"wp:attachment":[{"href":"https:\/\/www.portalalerta.com.br\/index.php\/wp-json\/wp\/v2\/media?parent=75935"}],"wp:term":[{"taxonomy":"category","embeddable":true,"href":"https:\/\/www.portalalerta.com.br\/index.php\/wp-json\/wp\/v2\/categories?post=75935"},{"taxonomy":"post_tag","embeddable":true,"href":"https:\/\/www.portalalerta.com.br\/index.php\/wp-json\/wp\/v2\/tags?post=75935"}],"curies":[{"name":"wp","href":"https:\/\/api.w.org\/{rel}","templated":true}]}}