{"id":75983,"date":"2025-10-06T23:03:28","date_gmt":"2025-10-07T02:03:28","guid":{"rendered":"https:\/\/www.portalalerta.com.br\/?p=75983"},"modified":"2025-10-07T10:15:50","modified_gmt":"2025-10-07T13:15:50","slug":"everton-ribeiro-e-diagnosticado-com-cancer-na-tireoide-saiba-detalhes","status":"publish","type":"post","link":"https:\/\/www.portalalerta.com.br\/index.php\/2025\/10\/06\/everton-ribeiro-e-diagnosticado-com-cancer-na-tireoide-saiba-detalhes\/","title":{"rendered":"Everton Ribeiro \u00e9 diagnosticado com c\u00e2ncer na tireoide; saiba detalhes"},"content":{"rendered":"\n<p><strong>Capit\u00e3o do Bahia realizou cirurgia nesta segunda-feira (6)<\/strong><\/p>\n\n\n\n<!--more-->\n\n\n\n<p><strong>O meia Everton Ribeiro, capit\u00e3o e camisa 10 do&nbsp;Bahia,&nbsp;revelou nesta segunda-feira (6) que foi diagnosticado com c\u00e2ncer na tireoide h\u00e1 cerca de um m\u00eas. O an\u00fancio foi feito por meio das redes sociais, um dia ap\u00f3s a vit\u00f3ria tricolor sobre o&nbsp;Flamengo,&nbsp;pelo&nbsp;Campeonato Brasileiro.<\/strong><\/p>\n\n\n<div class=\"wp-block-image\">\n<figure class=\"alignleft size-large is-resized\"><img decoding=\"async\" src=\"https:\/\/www.portalalerta.com.br\/wp-content\/uploads\/2025\/09\/Real-Semana-do-Cliente-2025-819x1024.jpeg\" alt=\"\" class=\"wp-image-75452\" width=\"435\" srcset=\"https:\/\/www.portalalerta.com.br\/wp-content\/uploads\/2025\/09\/Real-Semana-do-Cliente-2025-819x1024.jpeg 819w, https:\/\/www.portalalerta.com.br\/wp-content\/uploads\/2025\/09\/Real-Semana-do-Cliente-2025-192x240.jpeg 192w, https:\/\/www.portalalerta.com.br\/wp-content\/uploads\/2025\/09\/Real-Semana-do-Cliente-2025-768x960.jpeg 768w, https:\/\/www.portalalerta.com.br\/wp-content\/uploads\/2025\/09\/Real-Semana-do-Cliente-2025.jpeg 1024w\" sizes=\"(max-width: 819px) 100vw, 819px\" \/><\/figure><\/div>\n\n\n<p><strong>De acordo com o jogador, o diagn\u00f3stico foi seguido por uma cirurgia realizada nesta segunda, que ocorreu com sucesso. Everton afirmou que j\u00e1 est\u00e1 em recupera\u00e7\u00e3o e agradeceu o apoio recebido de familiares, torcedores e companheiros de equipe.<\/strong><\/p>\n\n\n\n<p><strong>O Bahia ainda n\u00e3o divulgou previs\u00e3o para o retorno de Everton aos gramados.<\/strong><\/p>\n\n\n\n<p><strong>Veja publica\u00e7\u00e3o de Everton Ribeiro<\/strong><\/p>\n\n\n\n<p><strong><em>\u201cOi, amigos. Preciso compartilhar uma not\u00edcia com voc\u00eas. H\u00e1 cerca de um m\u00eas, fui diagnosticado com um c\u00e2ncer na tireoide.<\/em><\/strong><\/p>\n\n\n\n<p><strong><em>Hoje fiz a cirurgia e tudo correu bem, gra\u00e7as a Deus. Sigo em recupera\u00e7\u00e3o, com f\u00e9 e com o apoio da minha fam\u00edlia e de voc\u00eas. Obrigado por cada ora\u00e7\u00e3o e carinho. Ter voc\u00eas ao meu lado faz toda a diferen\u00e7a.<\/em><\/strong><\/p>\n\n\n\n<p><strong><em>Tenho certeza de que vamos vencer mais essa batalha juntos\u201d.<\/em><\/strong><\/p>\n\n\n\n<p><strong>Pr\u00f3ximos jogos<\/strong><\/p>\n\n\n\n<p><strong>Com a pausa para a data-Fifa,\u00a0<a href=\"https:\/\/www.cnnbrasil.com.br\/esportes\/brasileirao\/flamengo-sofre-com-expulsoes-perde-para-o-bahia-e-ve-palmeiras-virar-lider\/\">o pr\u00f3ximo compromisso do Bahia ser\u00e1 contra o\u00a0Vit\u00f3ria,\u00a0pela 28\u00aa rodada do Brasileir\u00e3o<\/a>. O cl\u00e1ssico Ba-Vi est\u00e1 marcado para o dia 16 de outubro, \u00e0s 21h30 (de Bras\u00edlia), no Barrad\u00e3o, em Salvador.<\/strong><\/p>\n\n\n\n<blockquote class=\"tiktok-embed\" cite=\"https:\/\/www.tiktok.com\/@portalalerta\/video\/7558463772768128267\" data-video-id=\"7558463772768128267\" style=\"max-width: 605px;min-width: 325px;\" > <section> <a target=\"_blank\" title=\"@portalalerta\" href=\"https:\/\/www.tiktok.com\/@portalalerta?refer=embed\" rel=\"noopener\">@portalalerta<\/a> <p>Everton Ribeiro \u00e9 diagnosticado com c\u00e2ncer na tireoide  O meia Everton Ribeiro, capit\u00e3o e camisa 10 do\u00a0Bahia,\u00a0revelou nesta segunda-feira (6) que foi diagnosticado com c\u00e2ncer na tireoide h\u00e1 cerca de um m\u00eas. O an\u00fancio foi feito por meio das redes sociais, um dia ap\u00f3s a vit\u00f3ria tricolor sobre o\u00a0Flamengo,\u00a0pelo\u00a0Campeonato Brasileiro. #bahia #brasil #esporte #evertonribeiro #cancer #portaalerta #portal_alerta #deolhonanoticia<\/p> <a target=\"_blank\" title=\"\u266c som original  - Portal Alerta\" href=\"https:\/\/www.tiktok.com\/music\/som-original-Portal-Alerta-7558463802498042680?refer=embed\" rel=\"noopener\">\u266c som original  &#8211; Portal Alerta<\/a> <\/section> <\/blockquote> <script async src=\"https:\/\/www.tiktok.com\/embed.js\"><\/script>\n\n\n\n<p><em>Fonte: CNN Brasil<\/em><\/p>\n","protected":false},"excerpt":{"rendered":"<p>Capit\u00e3o do Bahia realizou cirurgia nesta segunda-feira (6)<\/p>\n","protected":false},"author":2,"featured_media":75978,"comment_status":"open","ping_status":"open","sticky":false,"template":"","format":"standard","meta":{"om_disable_all_campaigns":false,"_monsterinsights_skip_tracking":false,"_monsterinsights_sitenote_active":false,"_monsterinsights_sitenote_note":"","_monsterinsights_sitenote_category":0,"footnotes":""},"categories":[70,2,69],"tags":[100,71,48,1184,75,4178,4180,129,8372,107,4181,132,230,106,203,120,51,109,88,47,111,190],"class_list":["post-75983","post","type-post","status-publish","format-standard","has-post-thumbnail","hentry","category-destaques","category-esportes","category-noticias2","tag-adustina","tag-antas","tag-araci","tag-cancer","tag-cicero-dantas","tag-cipo-2","tag-crisopolis-2","tag-euclides-da-cunha","tag-everton-ribeiro","tag-fatima","tag-heliopolis-2","tag-itapicuru","tag-jeremoabo","tag-nova-soure","tag-novo-triunfo","tag-olindina","tag-paripiranga","tag-quijingue","tag-ribeira-do-amparo","tag-ribeira-do-pombal","tag-sitio-do-quinto","tag-tucano"],"aioseo_notices":[],"_links":{"self":[{"href":"https:\/\/www.portalalerta.com.br\/index.php\/wp-json\/wp\/v2\/posts\/75983","targetHints":{"allow":["GET"]}}],"collection":[{"href":"https:\/\/www.portalalerta.com.br\/index.php\/wp-json\/wp\/v2\/posts"}],"about":[{"href":"https:\/\/www.portalalerta.com.br\/index.php\/wp-json\/wp\/v2\/types\/post"}],"author":[{"embeddable":true,"href":"https:\/\/www.portalalerta.com.br\/index.php\/wp-json\/wp\/v2\/users\/2"}],"replies":[{"embeddable":true,"href":"https:\/\/www.portalalerta.com.br\/index.php\/wp-json\/wp\/v2\/comments?post=75983"}],"version-history":[{"count":2,"href":"https:\/\/www.portalalerta.com.br\/index.php\/wp-json\/wp\/v2\/posts\/75983\/revisions"}],"predecessor-version":[{"id":75998,"href":"https:\/\/www.portalalerta.com.br\/index.php\/wp-json\/wp\/v2\/posts\/75983\/revisions\/75998"}],"wp:featuredmedia":[{"embeddable":true,"href":"https:\/\/www.portalalerta.com.br\/index.php\/wp-json\/wp\/v2\/media\/75978"}],"wp:attachment":[{"href":"https:\/\/www.portalalerta.com.br\/index.php\/wp-json\/wp\/v2\/media?parent=75983"}],"wp:term":[{"taxonomy":"category","embeddable":true,"href":"https:\/\/www.portalalerta.com.br\/index.php\/wp-json\/wp\/v2\/categories?post=75983"},{"taxonomy":"post_tag","embeddable":true,"href":"https:\/\/www.portalalerta.com.br\/index.php\/wp-json\/wp\/v2\/tags?post=75983"}],"curies":[{"name":"wp","href":"https:\/\/api.w.org\/{rel}","templated":true}]}}