{"id":76047,"date":"2025-10-07T15:32:49","date_gmt":"2025-10-07T18:32:49","guid":{"rendered":"https:\/\/www.portalalerta.com.br\/?p=76047"},"modified":"2025-10-07T23:18:42","modified_gmt":"2025-10-08T02:18:42","slug":"concordo-que-algumas-penas-do-8-1-ficaram-elevadas-diz-barroso","status":"publish","type":"post","link":"https:\/\/www.portalalerta.com.br\/index.php\/2025\/10\/07\/concordo-que-algumas-penas-do-8-1-ficaram-elevadas-diz-barroso\/","title":{"rendered":"Concordo que algumas penas do 8\/1 ficaram elevadas, diz Barroso"},"content":{"rendered":"\n<p>Para o ministro do STF, crimes de Golpe de Estado e aboli\u00e7\u00e3o violenta do Estado de Direito n\u00e3o deveriam acumular e, segundo ele, penas de &#8220;dois anos, dois anos e pouco estavam de bom tamanho&#8221;<\/p>\n\n\n\n<!--more-->\n\n\n\n<p>O ministro do Lu\u00eds Roberto Barroso, do STF (Supremo Tribunal Federal), afirmou, nesta ter\u00e7a-feira (7), que algumas penas dos condenados pelos atos antidemocr\u00e1ticos de 8 de janeiro de 2023 &#8220;ficaram elevadas&#8221;, mas destacou a import\u00e2ncia de um julgamento ap\u00f3s uma tentativa de destitui\u00e7\u00e3o do estado democr\u00e1tico.<\/p>\n\n\n\n<p>&#8220;Eu concordo que algumas penas, sobretudo a dos executores que n\u00e3o eram mentores, ficaram elevadas, eu mesmo apliquei penas menores&#8221;, disse Barroso durante o 1\u00ba Semin\u00e1rio Judici\u00e1rio e Sociedade, promovido pelo Ciesp nesta manh\u00e3.<\/p>\n\n\n<div class=\"wp-block-image\">\n<figure class=\"alignleft size-large is-resized\"><img fetchpriority=\"high\" decoding=\"async\" src=\"https:\/\/www.portalalerta.com.br\/wp-content\/uploads\/2024\/04\/autoescola-emprego-1024x1024.jpg\" alt=\"\" class=\"wp-image-55693\" width=\"395\" height=\"395\" srcset=\"https:\/\/www.portalalerta.com.br\/wp-content\/uploads\/2024\/04\/autoescola-emprego-1024x1024.jpg 1024w, https:\/\/www.portalalerta.com.br\/wp-content\/uploads\/2024\/04\/autoescola-emprego-240x240.jpg 240w, https:\/\/www.portalalerta.com.br\/wp-content\/uploads\/2024\/04\/autoescola-emprego-768x768.jpg 768w, https:\/\/www.portalalerta.com.br\/wp-content\/uploads\/2024\/04\/autoescola-emprego.jpg 1080w\" sizes=\"(max-width: 395px) 100vw, 395px\" \/><\/figure><\/div>\n\n\n<p>&#8220;Desde o come\u00e7o apliquei penas menores, me manifestei antes do julgamento do ex-presidente [Jair Bolsonaro], que considerava bastante razo\u00e1vel a redu\u00e7\u00e3o das penas pra n\u00e3o deixar acumular Golpe de Estado e aboli\u00e7\u00e3o violenta do Estado de Direito, e faria com que todas essas pessoas sa\u00edssem em dois anos, dois anos e pouco, acho que estava de bom tamanho&#8221;, continuou o ministro.<\/p>\n\n\n\n<p>Barroso demonstrou estar aberto ao di\u00e1logo sobre a redu\u00e7\u00e3o das penas, mas n\u00e3o \u00e0&nbsp;<a href=\"https:\/\/www.cnnbrasil.com.br\/politica\/hugo-sobre-pl-da-anistia-ainda-nao-se-tem-texto-pronto-para-ir-ao-plenario\/\">anistia<\/a>, que \u00e9 a prioridade da direita pol\u00edtica. No Congresso Nacional, entretanto, a alternativa ao perd\u00e3o a todos os envolvidos nos atos democr\u00e1ticos \u00e9 a&nbsp;<a href=\"https:\/\/www.cnnbrasil.com.br\/politica\/dosimetria-nao-acumular-crime-e-mais-coeso-que-reduzir-pena-diz-barroso\/\">dosimetria das penas<\/a>, o que n\u00e3o agrada aliados do ex-chefe do Executivo Jair Bolsonaro.<\/p>\n\n\n\n<p><strong>Julgamento de Jair Bolsonaro<\/strong><\/p>\n\n\n\n<p>O ex-presidente do STF, no entanto, refor\u00e7ou que a Corte n\u00e3o poderia deixar de julgar o caso envolvendo os atos de 8 de janeiro, que inclui o ex-presidente Jair Bolsonaro (PL), apontado como l\u00edder da organiza\u00e7\u00e3o criminosa de uma tentativa de golpe de Estado ap\u00f3s as elei\u00e7\u00f5es de 2022 e&nbsp;<a href=\"https:\/\/www.cnnbrasil.com.br\/politica\/stf-pena-jair-bolsonaro\/\">condenado a 27 anos e 3 meses de pris\u00e3o, com in\u00edcio em regime fechado,<\/a>&nbsp;ap\u00f3s julgamento na Primeira Turma do Supremo.<\/p>\n\n\n\n<p>&#8220;\u00c9 um julgamento que continua a causar um certo mal-estar no pa\u00eds, porque o ex-presidente perdeu as elei\u00e7\u00f5es, mas teve 49% dos votos, portanto tinha muito apoio na sociedade, a gente n\u00e3o pode ignorar e, evidentemente, a gente n\u00e3o pode deixar de julgar&#8221;, disse Barroso.<\/p>\n\n\n\n<p>O ministro ainda mencionou que, ap\u00f3s a finaliza\u00e7\u00e3o do<a href=\"https:\/\/www.cnnbrasil.com.br\/politica\/reus-praticaram-todos-os-crimes-denunciados-diz-moraes\/\">&nbsp;julgamento do n\u00facleo 1<\/a>, &#8220;as provas s\u00e3o p\u00fablicas&#8221; e &#8220;n\u00e3o h\u00e1 nenhuma d\u00favida de que havia um plano Punhal Verde e Amarelo que planejava o assassinato do presidente, do vice-presidente e de um ministro do Supremo&#8221;.<\/p>\n\n\n\n<p>&#8220;Houve um claro incentivo aos acampamentos militares pedindo golpe de estado, houve uma colabora\u00e7\u00e3o premiada detalhando tudo. Eu respeito todas as posi\u00e7\u00f5es pol\u00edticas e ideol\u00f3gicas, mas a gente na vida tem que trabalhar com fatos e, portanto, o Supremo teve que julgar esses fatos&#8221;, finalizou.<\/p>\n\n\n\n<blockquote class=\"tiktok-embed\" cite=\"https:\/\/www.tiktok.com\/@portalalerta\/video\/7558668155720142091\" data-video-id=\"7558668155720142091\" style=\"max-width: 605px;min-width: 325px;\" > <section> <a target=\"_blank\" title=\"@portalalerta\" href=\"https:\/\/www.tiktok.com\/@portalalerta?refer=embed\" rel=\"noopener\">@portalalerta<\/a> <p>Concordo que algumas penas do 8&#47;1 ficaram elevadas, diz Barroso O ministro do Lu\u00eds Roberto Barroso, do STF (Supremo Tribunal Federal), afirmou, nesta ter\u00e7a-feira (7), que algumas penas dos condenados pelos atos antidemocr\u00e1ticos de 8 de janeiro de 2023 \u201cficaram elevadas\u201d, mas destacou a import\u00e2ncia de um julgamento ap\u00f3s uma tentativa de destitui\u00e7\u00e3o do estado democr\u00e1tico.  #brasil #stf #manifestacao #pena #stf #barroso #portalalerta #portal_alerta #deolhonanoticia<\/p> <a target=\"_blank\" title=\"\u266c som original  - Portal Alerta\" href=\"https:\/\/www.tiktok.com\/music\/som-original-Portal-Alerta-7558668195035368204?refer=embed\" rel=\"noopener\">\u266c som original  &#8211; Portal Alerta<\/a> <\/section> <\/blockquote> <script async src=\"https:\/\/www.tiktok.com\/embed.js\"><\/script>\n\n\n\n<p><em>Fonte: CNN<\/em><\/p>\n","protected":false},"excerpt":{"rendered":"<p>Para o ministro do STF, crimes de Golpe de Estado e aboli\u00e7\u00e3o violenta do Estado de Direito n\u00e3o deveriam acumular e, segundo ele, penas de &#8220;dois anos, dois anos e pouco estavam de bom tamanho&#8221;<\/p>\n","protected":false},"author":2,"featured_media":18650,"comment_status":"open","ping_status":"open","sticky":false,"template":"","format":"standard","meta":{"om_disable_all_campaigns":false,"_monsterinsights_skip_tracking":false,"_monsterinsights_sitenote_active":false,"_monsterinsights_sitenote_note":"","_monsterinsights_sitenote_category":0,"footnotes":""},"categories":[34,70,69,21],"tags":[100,71,48,75,4178,4180,129,107,4181,132,230,6847,475,106,203,120,51,109,88,47,111,216,190],"class_list":["post-76047","post","type-post","status-publish","format-standard","has-post-thumbnail","hentry","category-brasil","category-destaques","category-noticias2","category-politica","tag-adustina","tag-antas","tag-araci","tag-cicero-dantas","tag-cipo-2","tag-crisopolis-2","tag-euclides-da-cunha","tag-fatima","tag-heliopolis-2","tag-itapicuru","tag-jeremoabo","tag-luis-roberto-barroso","tag-manifestacao","tag-nova-soure","tag-novo-triunfo","tag-olindina","tag-paripiranga","tag-quijingue","tag-ribeira-do-amparo","tag-ribeira-do-pombal","tag-sitio-do-quinto","tag-stf","tag-tucano"],"aioseo_notices":[],"_links":{"self":[{"href":"https:\/\/www.portalalerta.com.br\/index.php\/wp-json\/wp\/v2\/posts\/76047","targetHints":{"allow":["GET"]}}],"collection":[{"href":"https:\/\/www.portalalerta.com.br\/index.php\/wp-json\/wp\/v2\/posts"}],"about":[{"href":"https:\/\/www.portalalerta.com.br\/index.php\/wp-json\/wp\/v2\/types\/post"}],"author":[{"embeddable":true,"href":"https:\/\/www.portalalerta.com.br\/index.php\/wp-json\/wp\/v2\/users\/2"}],"replies":[{"embeddable":true,"href":"https:\/\/www.portalalerta.com.br\/index.php\/wp-json\/wp\/v2\/comments?post=76047"}],"version-history":[{"count":2,"href":"https:\/\/www.portalalerta.com.br\/index.php\/wp-json\/wp\/v2\/posts\/76047\/revisions"}],"predecessor-version":[{"id":76071,"href":"https:\/\/www.portalalerta.com.br\/index.php\/wp-json\/wp\/v2\/posts\/76047\/revisions\/76071"}],"wp:featuredmedia":[{"embeddable":true,"href":"https:\/\/www.portalalerta.com.br\/index.php\/wp-json\/wp\/v2\/media\/18650"}],"wp:attachment":[{"href":"https:\/\/www.portalalerta.com.br\/index.php\/wp-json\/wp\/v2\/media?parent=76047"}],"wp:term":[{"taxonomy":"category","embeddable":true,"href":"https:\/\/www.portalalerta.com.br\/index.php\/wp-json\/wp\/v2\/categories?post=76047"},{"taxonomy":"post_tag","embeddable":true,"href":"https:\/\/www.portalalerta.com.br\/index.php\/wp-json\/wp\/v2\/tags?post=76047"}],"curies":[{"name":"wp","href":"https:\/\/api.w.org\/{rel}","templated":true}]}}