{"id":76079,"date":"2025-10-09T17:28:27","date_gmt":"2025-10-09T20:28:27","guid":{"rendered":"https:\/\/www.portalalerta.com.br\/?p=76079"},"modified":"2025-10-09T23:54:34","modified_gmt":"2025-10-10T02:54:34","slug":"moradores-de-olindina-ba-se-queixam-da-coloracao-da-agua-que-esta-chegando-as-torneiras","status":"publish","type":"post","link":"https:\/\/www.portalalerta.com.br\/index.php\/2025\/10\/09\/moradores-de-olindina-ba-se-queixam-da-coloracao-da-agua-que-esta-chegando-as-torneiras\/","title":{"rendered":"Moradores de Olindina-BA se queixam da colora\u00e7\u00e3o da \u00e1gua que est\u00e1 chegando \u00e0s torneiras"},"content":{"rendered":"\n<p>Na \u00faltima quarta-feira (08), moradores do munic\u00edpio de Olindina-BA postaram imagens da \u00e1gua que est\u00e1 abastecendo o munic\u00edpio.<\/p>\n\n\n\n<!--more-->\n\n\n<div class=\"wp-block-image\">\n<figure class=\"alignleft size-large is-resized\"><img fetchpriority=\"high\" decoding=\"async\" src=\"https:\/\/www.portalalerta.com.br\/wp-content\/uploads\/2024\/04\/autoescola-emprego-1024x1024.jpg\" alt=\"\" class=\"wp-image-55693\" width=\"395\" height=\"395\" srcset=\"https:\/\/www.portalalerta.com.br\/wp-content\/uploads\/2024\/04\/autoescola-emprego-1024x1024.jpg 1024w, https:\/\/www.portalalerta.com.br\/wp-content\/uploads\/2024\/04\/autoescola-emprego-240x240.jpg 240w, https:\/\/www.portalalerta.com.br\/wp-content\/uploads\/2024\/04\/autoescola-emprego-768x768.jpg 768w, https:\/\/www.portalalerta.com.br\/wp-content\/uploads\/2024\/04\/autoescola-emprego.jpg 1080w\" sizes=\"(max-width: 395px) 100vw, 395px\" \/><\/figure><\/div>\n\n\n<p>A tonalidade escura est\u00e1 chamando aten\u00e7\u00e3o, e at\u00e9 o momento n\u00e3o h\u00e1 explica\u00e7\u00e3o a respeito, muito menos sobre os riscos de um poss\u00edvel consumo da mesma.<\/p>\n\n\n\n<p>A popula\u00e7\u00e3o pede para que a EMBASA (Empresa Baiana de \u00c1guas e Saneamento), se pronuncie sobre o caso.<\/p>\n\n\n\n<blockquote class=\"tiktok-embed\" cite=\"https:\/\/www.tiktok.com\/@portalalerta\/video\/7559398491856850188\" data-video-id=\"7559398491856850188\" style=\"max-width: 605px;min-width: 325px;\" > <section> <a target=\"_blank\" title=\"@portalalerta\" href=\"https:\/\/www.tiktok.com\/@portalalerta?refer=embed\" rel=\"noopener\">@portalalerta<\/a> <p>Moradores de Olindina-BA se queixam da colora\u00e7\u00e3o da \u00e1gua que est\u00e1 chegando \u00e0s torneiras  A tonalidade escura est\u00e1 chamando aten\u00e7\u00e3o, e at\u00e9 o momento n\u00e3o h\u00e1 explica\u00e7\u00e3o a respeito, muito menos sobre os riscos de um poss\u00edvel consumo da mesma.  #olindinabahia #agua #embasa #portalalerta #portal_alerta #deolhonanoticia<\/p> <a target=\"_blank\" title=\"\u266c som original  - Portal Alerta\" href=\"https:\/\/www.tiktok.com\/music\/som-original-Portal-Alerta-7559398550376549132?refer=embed\" rel=\"noopener\">\u266c som original  &#8211; Portal Alerta<\/a> <\/section> <\/blockquote> <script async src=\"https:\/\/www.tiktok.com\/embed.js\"><\/script>\n\n\n\n<p><em>Reda\u00e7\u00e3o: Portal Alerta<\/em><\/p>\n\n\n\n<p><em>Com Informa\u00e7\u00f5es: Olindina Not\u00edcias<\/em><\/p>\n","protected":false},"excerpt":{"rendered":"<p>Na \u00faltima quarta-feira (08), moradores do munic\u00edpio de Olindina-BA postaram imagens da \u00e1gua que est\u00e1 abastecendo o munic\u00edpio.<\/p>\n","protected":false},"author":2,"featured_media":76077,"comment_status":"open","ping_status":"open","sticky":false,"template":"","format":"standard","meta":{"om_disable_all_campaigns":false,"_monsterinsights_skip_tracking":false,"_monsterinsights_sitenote_active":false,"_monsterinsights_sitenote_note":"","_monsterinsights_sitenote_category":0,"footnotes":""},"categories":[70,69,15,32],"tags":[100,2605,71,48,75,4178,4180,275,129,107,4181,132,230,106,203,120,51,109,88,47,111,190],"class_list":["post-76079","post","type-post","status-publish","format-standard","has-post-thumbnail","hentry","category-destaques","category-noticias2","category-olindina","category-regiao","tag-adustina","tag-agua","tag-antas","tag-araci","tag-cicero-dantas","tag-cipo-2","tag-crisopolis-2","tag-embasa","tag-euclides-da-cunha","tag-fatima","tag-heliopolis-2","tag-itapicuru","tag-jeremoabo","tag-nova-soure","tag-novo-triunfo","tag-olindina","tag-paripiranga","tag-quijingue","tag-ribeira-do-amparo","tag-ribeira-do-pombal","tag-sitio-do-quinto","tag-tucano"],"aioseo_notices":[],"_links":{"self":[{"href":"https:\/\/www.portalalerta.com.br\/index.php\/wp-json\/wp\/v2\/posts\/76079","targetHints":{"allow":["GET"]}}],"collection":[{"href":"https:\/\/www.portalalerta.com.br\/index.php\/wp-json\/wp\/v2\/posts"}],"about":[{"href":"https:\/\/www.portalalerta.com.br\/index.php\/wp-json\/wp\/v2\/types\/post"}],"author":[{"embeddable":true,"href":"https:\/\/www.portalalerta.com.br\/index.php\/wp-json\/wp\/v2\/users\/2"}],"replies":[{"embeddable":true,"href":"https:\/\/www.portalalerta.com.br\/index.php\/wp-json\/wp\/v2\/comments?post=76079"}],"version-history":[{"count":2,"href":"https:\/\/www.portalalerta.com.br\/index.php\/wp-json\/wp\/v2\/posts\/76079\/revisions"}],"predecessor-version":[{"id":76105,"href":"https:\/\/www.portalalerta.com.br\/index.php\/wp-json\/wp\/v2\/posts\/76079\/revisions\/76105"}],"wp:featuredmedia":[{"embeddable":true,"href":"https:\/\/www.portalalerta.com.br\/index.php\/wp-json\/wp\/v2\/media\/76077"}],"wp:attachment":[{"href":"https:\/\/www.portalalerta.com.br\/index.php\/wp-json\/wp\/v2\/media?parent=76079"}],"wp:term":[{"taxonomy":"category","embeddable":true,"href":"https:\/\/www.portalalerta.com.br\/index.php\/wp-json\/wp\/v2\/categories?post=76079"},{"taxonomy":"post_tag","embeddable":true,"href":"https:\/\/www.portalalerta.com.br\/index.php\/wp-json\/wp\/v2\/tags?post=76079"}],"curies":[{"name":"wp","href":"https:\/\/api.w.org\/{rel}","templated":true}]}}