{"id":76084,"date":"2025-10-09T18:05:56","date_gmt":"2025-10-09T21:05:56","guid":{"rendered":"https:\/\/www.portalalerta.com.br\/?p=76084"},"modified":"2025-10-09T23:56:28","modified_gmt":"2025-10-10T02:56:28","slug":"policia-civil-prende-homem-por-trafico-de-drogas-em-euclides-da-cunha-ba","status":"publish","type":"post","link":"https:\/\/www.portalalerta.com.br\/index.php\/2025\/10\/09\/policia-civil-prende-homem-por-trafico-de-drogas-em-euclides-da-cunha-ba\/","title":{"rendered":"Pol\u00edcia Civil prende homem por tr\u00e1fico de drogas, em Euclides da Cunha-BA"},"content":{"rendered":"\n<p>A Pol\u00edcia Civil da Bahia, atrav\u00e9s do Grupo de Apoio T\u00e1tico T\u00e9cnico de Investiga\u00e7\u00e3o (GATTI) e investigadores da 25\u00aa Coordenadoria Regional de Pol\u00edcia do Interior (COORPIN), efetuou na tarde desta quarta-feira, 8 de outubro de 2025, por volta das 14h30min, a pris\u00e3o em flagrante de um indiv\u00edduo por tr\u00e1fico de drogas na cidade de Euclides da Cunha.<br><br><\/p>\n\n\n\n<!--more-->\n\n\n\n<p>O nacional, identificado pelas iniciais W.R.M., foi detido em posse de 256 papelotes contendo subst\u00e2ncia em p\u00f3 branco, com caracter\u00edsticas an\u00e1logas \u00e0 coca\u00edna, e um pequeno tablete de erva prensada com caracter\u00edsticas semelhantes \u00e0 maconha. Al\u00e9m disso, foi apreendida a quantia de R$ 50,00 (cinquenta reais) em esp\u00e9cie, possivelmente proveniente da atividade il\u00edcita.<br><br><\/p>\n\n\n\n<p><strong>Detalhamento da Dilig\u00eancia:<br><br><\/strong><\/p>\n\n\n\n<p>A a\u00e7\u00e3o policial foi desencadeada ap\u00f3s o recebimento de informa\u00e7\u00e3o an\u00f4nima que indicava a pr\u00e1tica de tr\u00e1fico de drogas no local. Ap\u00f3s an\u00e1lise e planejamento, o GATTI, em conjunto com o Setor de Investiga\u00e7\u00e3o (S.I.) da 1\u00aa Delegacia Territorial (DT), organizou as equipes para a devida dilig\u00eancia.<br><br><\/p>\n\n\n\n<p>Por volta das 14h30min de hoje, as equipes se deslocaram para o endere\u00e7o indicado. Ao chegar ao local, o indiv\u00edduo W.R.M. foi encontrado em frente \u00e0 sua resid\u00eancia. Durante a busca pessoal e no per\u00edmetro, o material il\u00edcito foi localizado: os 256 papelotes, o pequeno tablete de erva prensada e o valor em dinheiro.<br><br><\/p>\n\n\n\n<p>Diante do flagrante, foi dada a voz de pris\u00e3o a W.R.M., que n\u00e3o ofereceu resist\u00eancia e foi imediatamente conduzido \u00e0 Delegacia de Pol\u00edcia Civil para a formaliza\u00e7\u00e3o do Auto de Pris\u00e3o em Flagrante Delito e demais procedimentos cab\u00edveis. O material apreendido foi apresentado para per\u00edcia.<\/p>\n\n\n\n<blockquote class=\"tiktok-embed\" cite=\"https:\/\/www.tiktok.com\/@portalalerta\/video\/7559412835793505547\" data-video-id=\"7559412835793505547\" style=\"max-width: 605px;min-width: 325px;\" > <section> <a target=\"_blank\" title=\"@portalalerta\" href=\"https:\/\/www.tiktok.com\/@portalalerta?refer=embed\" rel=\"noopener\">@portalalerta<\/a> <p>Pol\u00edcia Civil prende homem por tr\u00e1fico de drogas, em Euclides da Cunha-BA  A Pol\u00edcia Civil da Bahia, atrav\u00e9s do Grupo de Apoio T\u00e1tico T\u00e9cnico de Investiga\u00e7\u00e3o (GATTI) e investigadores da 25\u00aa Coordenadoria Regional de Pol\u00edcia do Interior (COORPIN), efetuou na tarde desta quarta-feira, 8 de outubro de 2025, por volta das 14h30min, a pris\u00e3o em flagrante de um indiv\u00edduo por tr\u00e1fico de drogas na cidade de Euclides da Cunha  #euclidesdacunhabahia #traficodedrogas #preso #policiacivil #pcba #portal_alerta #25coorpin #portalalerta #deolhonanoticia<\/p> <a target=\"_blank\" title=\"\u266c som original  - Portal Alerta\" href=\"https:\/\/www.tiktok.com\/music\/som-original-Portal-Alerta-7559412887681272587?refer=embed\" rel=\"noopener\">\u266c som original  &#8211; Portal Alerta<\/a> <\/section> <\/blockquote> <script async src=\"https:\/\/www.tiktok.com\/embed.js\"><\/script>\n\n\n\n<p><br><br><em>Fonte: 25\u00ba COORPIN de Euclides da Cunha.<\/em><\/p>\n","protected":false},"excerpt":{"rendered":"<p>A Pol\u00edcia Civil da Bahia, atrav\u00e9s do Grupo de Apoio T\u00e1tico T\u00e9cnico de Investiga\u00e7\u00e3o (GATTI) e investigadores da 25\u00aa Coordenadoria Regional de Pol\u00edcia do Interior (COORPIN), efetuou na tarde desta quarta-feira, 8 de outubro de 2025, por volta das 14h30min, a pris\u00e3o em flagrante de um indiv\u00edduo por tr\u00e1fico de drogas na cidade de Euclides &hellip;<\/p>\n","protected":false},"author":2,"featured_media":76085,"comment_status":"open","ping_status":"open","sticky":false,"template":"","format":"standard","meta":{"om_disable_all_campaigns":false,"_monsterinsights_skip_tracking":false,"_monsterinsights_sitenote_active":false,"_monsterinsights_sitenote_note":"","_monsterinsights_sitenote_category":0,"footnotes":""},"categories":[70,17,69,32,22],"tags":[],"class_list":["post-76084","post","type-post","status-publish","format-standard","has-post-thumbnail","hentry","category-destaques","category-euclides-da-cunha","category-noticias2","category-regiao","category-seguranca"],"aioseo_notices":[],"_links":{"self":[{"href":"https:\/\/www.portalalerta.com.br\/index.php\/wp-json\/wp\/v2\/posts\/76084","targetHints":{"allow":["GET"]}}],"collection":[{"href":"https:\/\/www.portalalerta.com.br\/index.php\/wp-json\/wp\/v2\/posts"}],"about":[{"href":"https:\/\/www.portalalerta.com.br\/index.php\/wp-json\/wp\/v2\/types\/post"}],"author":[{"embeddable":true,"href":"https:\/\/www.portalalerta.com.br\/index.php\/wp-json\/wp\/v2\/users\/2"}],"replies":[{"embeddable":true,"href":"https:\/\/www.portalalerta.com.br\/index.php\/wp-json\/wp\/v2\/comments?post=76084"}],"version-history":[{"count":2,"href":"https:\/\/www.portalalerta.com.br\/index.php\/wp-json\/wp\/v2\/posts\/76084\/revisions"}],"predecessor-version":[{"id":76107,"href":"https:\/\/www.portalalerta.com.br\/index.php\/wp-json\/wp\/v2\/posts\/76084\/revisions\/76107"}],"wp:featuredmedia":[{"embeddable":true,"href":"https:\/\/www.portalalerta.com.br\/index.php\/wp-json\/wp\/v2\/media\/76085"}],"wp:attachment":[{"href":"https:\/\/www.portalalerta.com.br\/index.php\/wp-json\/wp\/v2\/media?parent=76084"}],"wp:term":[{"taxonomy":"category","embeddable":true,"href":"https:\/\/www.portalalerta.com.br\/index.php\/wp-json\/wp\/v2\/categories?post=76084"},{"taxonomy":"post_tag","embeddable":true,"href":"https:\/\/www.portalalerta.com.br\/index.php\/wp-json\/wp\/v2\/tags?post=76084"}],"curies":[{"name":"wp","href":"https:\/\/api.w.org\/{rel}","templated":true}]}}