{"id":76093,"date":"2025-10-09T18:58:22","date_gmt":"2025-10-09T21:58:22","guid":{"rendered":"https:\/\/www.portalalerta.com.br\/?p=76093"},"modified":"2025-10-09T18:58:24","modified_gmt":"2025-10-09T21:58:24","slug":"depoente-quebra-silencio-e-diz-que-irmao-de-lula-nao-administrava-sindicato","status":"publish","type":"post","link":"https:\/\/www.portalalerta.com.br\/index.php\/2025\/10\/09\/depoente-quebra-silencio-e-diz-que-irmao-de-lula-nao-administrava-sindicato\/","title":{"rendered":"Depoente quebra sil\u00eancio e diz que irm\u00e3o de Lula n\u00e3o administrava sindicato"},"content":{"rendered":"\n<p>Presidente do Sindnapi diz que Frei Chico, irm\u00e3o do presidente, atuava s\u00f3 politicamente; Milton Baptista de Souza Filho, que vinha se recusando a responder, decidiu falar contrariando o advogado<\/p>\n\n\n\n<!--more-->\n\n\n\n<p>Ap\u00f3s horas sem responder questionamentos,&nbsp;o presidente do Sindnapi&nbsp;(Sindicato Nacional dos Aposentados, Pensionistas e Idosos da For\u00e7a Sindical), Milton Baptista de Souza Filho, decidiu&nbsp;responder a uma pergunta&nbsp;sobre as fun\u00e7\u00f5es desempenhadas pelo&nbsp;irm\u00e3o do presidente Luiz In\u00e1cio Lula da Silva (PT)&nbsp;na entidade.<\/p>\n\n\n\n<p>O depoente ficou em sil\u00eancio em grande parte das quest\u00f5es, tendo feito fala inicial e respondido apenas parte das perguntas do relator Alfredo Gaspar (Uni\u00e3o-AL).<\/p>\n\n\n<div class=\"wp-block-image\">\n<figure class=\"alignleft size-large is-resized\"><img fetchpriority=\"high\" decoding=\"async\" src=\"https:\/\/www.portalalerta.com.br\/wp-content\/uploads\/2024\/04\/autoescola-emprego-1024x1024.jpg\" alt=\"\" class=\"wp-image-55693\" width=\"435\" height=\"435\" srcset=\"https:\/\/www.portalalerta.com.br\/wp-content\/uploads\/2024\/04\/autoescola-emprego-1024x1024.jpg 1024w, https:\/\/www.portalalerta.com.br\/wp-content\/uploads\/2024\/04\/autoescola-emprego-240x240.jpg 240w, https:\/\/www.portalalerta.com.br\/wp-content\/uploads\/2024\/04\/autoescola-emprego-768x768.jpg 768w, https:\/\/www.portalalerta.com.br\/wp-content\/uploads\/2024\/04\/autoescola-emprego.jpg 1080w\" sizes=\"(max-width: 435px) 100vw, 435px\" \/><\/figure><\/div>\n\n\n<p>Ele decidiu responder quando questionado por Paulo Pimenta (PT-RS) sobre se o irm\u00e3o de Lula (PT)&nbsp;<a href=\"https:\/\/www.cnnbrasil.com.br\/politica\/quem-e-frei-chico-irmao-de-lula-ligado-a-sindicato-investigado-pela-pf\/\" target=\"_blank\" rel=\"noreferrer noopener\">Jos\u00e9 Ferreira da Silva, conhecido como Frei Chico,<\/a>&nbsp;teve alguma fun\u00e7\u00e3o administrativa ou financeira dentro do sindicato.<\/p>\n\n\n\n<p>\u201cContrariando o meu advogado, eu quero dizer que ele nunca teve esse papel administrativo do sindicato, s\u00f3 pol\u00edtico\u2026 pol\u00edtico de representa\u00e7\u00e3o sindical. Nada mais que isso. E n\u00e3o precisei, de nenhum momento, solicitar a ele que abrisse qualquer porta do governo\u201d, afirmou.<\/p>\n\n\n\n<p>A reuni\u00e3o, inclusive, registrou um princ\u00edpio de confus\u00e3o ap\u00f3s o relator Alfredo Gaspar (Uni\u00e3o-AL) cogitar convocar o irm\u00e3o do presidente Lula caso o presidente do Sindicato Nacional dos Aposentados, Pensionistas e Idosos da For\u00e7a Sindical (Sindnapi)&nbsp;<a href=\"https:\/\/www.cnnbrasil.com.br\/politica\/cpmi-do-inss-presidente-do-sindnapi-se-recusa-a-responder-perguntas\/\" target=\"_blank\" rel=\"noreferrer noopener\">continuasse em sil\u00eancio.<\/a><\/p>\n\n\n\n<p>\u201cE eu acho uma injusti\u00e7a muito grande se o senhor permanecer em sil\u00eancio porque o seu sil\u00eancio pode trazer esse cidad\u00e3o para ser ouvido aqui. O senhor \u00e9 quem vai destrinchar qual a posi\u00e7\u00e3o dele no Sindnapi. Est\u00e1 na m\u00e3o do senhor a vinda do irm\u00e3o do presidente da Rep\u00fablica para depor nesta CPMI\u201d.<\/p>\n\n\n\n<p>Ap\u00f3s a declara\u00e7\u00e3o, o deputado Paulo Pimenta (PT-RS) interveio e afirmou que o relator tentava intimidar o depoente. \u201cQuem decide se algu\u00e9m vai vir aqui ou n\u00e3o \u00e9 a comiss\u00e3o, \u00e9 o plen\u00e1rio da comiss\u00e3o\u201d, completou.<\/p>\n\n\n\n<p>A entidade \u00e9 um dos focos da oposi\u00e7\u00e3o por ser a mesma ligada a um dos irm\u00e3os do presidente Luiz In\u00e1cio Lula da Silva (PT). Jos\u00e9 Ferreira da Silva, conhecido como Frei Chico, \u00e9 diretor vice-presidente da entidade.<\/p>\n\n\n\n<p>O irm\u00e3o do petista, embora seja algo de diversos requerimentos da oposi\u00e7\u00e3o, n\u00e3o teve o pedido de convoca\u00e7\u00e3o aprovado. A CPMI, nesse primeiro momento, tem priorizado ouvir autoridades e os presidentes das entidades citadas.<\/p>\n\n\n\n<p>Vale destacar tamb\u00e9m que, embora o<a href=\"https:\/\/www.cnnbrasil.com.br\/politica\/inss-sindicato-ligado-a-irmao-de-lula-volta-a-ser-alvo-de-operacao-da-pf\/\" target=\"_blank\" rel=\"noreferrer noopener\">&nbsp;Sindnapi esteja entre os alvos de investiga\u00e7\u00e3o da PF (Pol\u00edcia Federal) e da CGU (Controladoria Geral da Uni\u00e3o),<\/a>&nbsp;Frei Chico n\u00e3o consta entre os investigados.<\/p>\n\n\n\n<p>Fonte: CNN Brasil<\/p>\n","protected":false},"excerpt":{"rendered":"<p>Presidente do Sindnapi diz que Frei Chico, irm\u00e3o do presidente, atuava s\u00f3 politicamente; Milton Baptista de Souza Filho, que vinha se recusando a responder, decidiu falar contrariando o advogado<\/p>\n","protected":false},"author":2,"featured_media":76090,"comment_status":"open","ping_status":"open","sticky":false,"template":"","format":"standard","meta":{"om_disable_all_campaigns":false,"_monsterinsights_skip_tracking":false,"_monsterinsights_sitenote_active":false,"_monsterinsights_sitenote_note":"","_monsterinsights_sitenote_category":0,"footnotes":""},"categories":[34,70,69,21],"tags":[100,71,48,93,75,4178,3459,4180,129,107,8374,4181,1963,132,230,106,203,120,51,109,88,47,715,111,190],"class_list":["post-76093","post","type-post","status-publish","format-standard","has-post-thumbnail","hentry","category-brasil","category-destaques","category-noticias2","category-politica","tag-adustina","tag-antas","tag-araci","tag-brasil","tag-cicero-dantas","tag-cipo-2","tag-cpmi","tag-crisopolis-2","tag-euclides-da-cunha","tag-fatima","tag-frei-chico","tag-heliopolis-2","tag-inss","tag-itapicuru","tag-jeremoabo","tag-nova-soure","tag-novo-triunfo","tag-olindina","tag-paripiranga","tag-quijingue","tag-ribeira-do-amparo","tag-ribeira-do-pombal","tag-sindicato","tag-sitio-do-quinto","tag-tucano"],"aioseo_notices":[],"_links":{"self":[{"href":"https:\/\/www.portalalerta.com.br\/index.php\/wp-json\/wp\/v2\/posts\/76093","targetHints":{"allow":["GET"]}}],"collection":[{"href":"https:\/\/www.portalalerta.com.br\/index.php\/wp-json\/wp\/v2\/posts"}],"about":[{"href":"https:\/\/www.portalalerta.com.br\/index.php\/wp-json\/wp\/v2\/types\/post"}],"author":[{"embeddable":true,"href":"https:\/\/www.portalalerta.com.br\/index.php\/wp-json\/wp\/v2\/users\/2"}],"replies":[{"embeddable":true,"href":"https:\/\/www.portalalerta.com.br\/index.php\/wp-json\/wp\/v2\/comments?post=76093"}],"version-history":[{"count":1,"href":"https:\/\/www.portalalerta.com.br\/index.php\/wp-json\/wp\/v2\/posts\/76093\/revisions"}],"predecessor-version":[{"id":76094,"href":"https:\/\/www.portalalerta.com.br\/index.php\/wp-json\/wp\/v2\/posts\/76093\/revisions\/76094"}],"wp:featuredmedia":[{"embeddable":true,"href":"https:\/\/www.portalalerta.com.br\/index.php\/wp-json\/wp\/v2\/media\/76090"}],"wp:attachment":[{"href":"https:\/\/www.portalalerta.com.br\/index.php\/wp-json\/wp\/v2\/media?parent=76093"}],"wp:term":[{"taxonomy":"category","embeddable":true,"href":"https:\/\/www.portalalerta.com.br\/index.php\/wp-json\/wp\/v2\/categories?post=76093"},{"taxonomy":"post_tag","embeddable":true,"href":"https:\/\/www.portalalerta.com.br\/index.php\/wp-json\/wp\/v2\/tags?post=76093"}],"curies":[{"name":"wp","href":"https:\/\/api.w.org\/{rel}","templated":true}]}}