{"id":76229,"date":"2025-10-16T18:00:00","date_gmt":"2025-10-16T21:00:00","guid":{"rendered":"https:\/\/www.portalalerta.com.br\/?p=76229"},"modified":"2025-10-16T19:54:45","modified_gmt":"2025-10-16T22:54:45","slug":"nova-denuncia-aponta-que-cerca-de-300-alunos-matriculados-na-eja-em-cipo-ba-pertencem-a-outras-cidades","status":"publish","type":"post","link":"https:\/\/www.portalalerta.com.br\/index.php\/2025\/10\/16\/nova-denuncia-aponta-que-cerca-de-300-alunos-matriculados-na-eja-em-cipo-ba-pertencem-a-outras-cidades\/","title":{"rendered":"Nova den\u00fancia aponta que cerca de 300 alunos matriculados na EJA em Cip\u00f3-BA, pertencem a outras cidades"},"content":{"rendered":"\n<p>Na \u00faltima sexta-feira (10), o advogado Gildson Gomes dos Santos, ingressou com um Aditamento \u00e0 Representa\u00e7\u00e3o feita junto ao Tribunal de Contas dos Munic\u00edpios da Bahia, denunciando novos fatos em rela\u00e7\u00e3o ao Programa Educa\u00e7\u00e3o para Jovens e Adultos, em Cip\u00f3-BA.<\/p>\n\n\n\n<!--more-->\n\n\n\n<p>O advogado representa o \u00fanico vereador oposicionista da cidade, <strong>D\u00eanis Fonseca Soares de Farias<\/strong>, autor da den\u00fancia que revelou o que pode ser o maior esc\u00e2ndalo da hist\u00f3ria da cidade, caso seja confirmado.<\/p>\n\n\n\n<p>As novas informa\u00e7\u00f5es apontam que Cip\u00f3 matriculou cerca de 300 alunos em 9 salas (EJA Casa), em munic\u00edpios vizinhos, sendo Tucano e Ribeira do Amparo. Al\u00e9m de cooptar alunos e professores nessas cidades, a gest\u00e3o municipal disponibiliza a log\u00edstica, como: <strong>transporte escolar, merenda, fardamento, e at\u00e9 mesmo incentivos financeiros<\/strong>. De acordo com a den\u00fancia, o objetivo \u00e9 unicamente <strong><em>\u201cinflar o n\u00famero de matr\u00edculas no munic\u00edpio para aumentar ilicitamente sua cota-parte nos repasses do Fundo de Manuten\u00e7\u00e3o e Desenvolvimento da Educa\u00e7\u00e3o B\u00e1sica (FUNDEB)\u201d,<\/em><\/strong> ao tempo em que <strong><em>\u201ccausa preju\u00edzo aos munic\u00edpios vizinhos invadidos que deixam de receber tais recursos\u201d.<\/em><\/strong><\/p>\n\n\n<div class=\"wp-block-image\">\n<figure class=\"alignleft size-large is-resized\"><img fetchpriority=\"high\" decoding=\"async\" src=\"https:\/\/www.portalalerta.com.br\/wp-content\/uploads\/2024\/04\/autoescola-emprego-1024x1024.jpg\" alt=\"\" class=\"wp-image-55693\" width=\"435\" height=\"435\" srcset=\"https:\/\/www.portalalerta.com.br\/wp-content\/uploads\/2024\/04\/autoescola-emprego-1024x1024.jpg 1024w, https:\/\/www.portalalerta.com.br\/wp-content\/uploads\/2024\/04\/autoescola-emprego-240x240.jpg 240w, https:\/\/www.portalalerta.com.br\/wp-content\/uploads\/2024\/04\/autoescola-emprego-768x768.jpg 768w, https:\/\/www.portalalerta.com.br\/wp-content\/uploads\/2024\/04\/autoescola-emprego.jpg 1080w\" sizes=\"(max-width: 435px) 100vw, 435px\" \/><\/figure><\/div>\n\n\n<p>No aditamento Gomes cita que tal ato <strong>\u201crepresenta uma viola\u00e7\u00e3o frontal \u00e0 autonomia municipal (CF, art. 30), ao pacto federativo (CF, art. 18) e \u00e0 legalidade administrativa&#8230;\u201d<\/strong>, bem como viola <strong>\u201cart. 8\u00ba da Lei n\u00ba 14.113\/2020 (Lei do FUNDEB) e aos princ\u00edpios da legalidade, moralidade e boa-f\u00e9 administrativa\u201d.<\/strong><\/p>\n\n\n\n<p>Dentre os v\u00e1rios pedidos junto ao TCM, se destacam: <strong>a reconsidera\u00e7\u00e3o do pedido cautelar para que seja determinada a imediata suspens\u00e3o dos repasses do FUNDEB calculados com base nas matr\u00edculas de 2024, at\u00e9 que uma auditoria in loco confirme o n\u00famero real de alunos; e a declara\u00e7\u00e3o de nulidade das matr\u00edculas fraudulentas e a aplica\u00e7\u00e3o das san\u00e7\u00f5es cab\u00edveis ao gestor respons\u00e1vel, incluindo o ressarcimento integral dos valores indevidamente recebidos.<\/strong><\/p>\n\n\n\n<p><strong>INVESTIGA\u00c7\u00c3O<\/strong><\/p>\n\n\n\n<p>As salas EJA (EJA-Casa), que segundo a den\u00fancia estariam funcionando de forma clandestina em munic\u00edpios vizinhos, foram descobertas mediante investiga\u00e7\u00e3o realizada com uma comitiva do munic\u00edpio de Tucano, da qual o advogado Gildson Gomes fez parte, e constatou as supostas irregularidades.<\/p>\n\n\n\n<p>As investiga\u00e7\u00f5es originaram uma pol\u00eamica firmada pelo vereador cipoense, Igor (PT), que afirmou que o referido advogado foi contratado por um ex-prefeito de uma cidade vizinha, para prejudicar o gestor municipal de Cip\u00f3. Em outro v\u00eddeo, Gomes rebateu, e pediu respeito ao edil, ao tempo que afirmou que toda a\u00e7\u00e3o foi realizada de forma legal.<\/p>\n\n\n\n<figure class=\"wp-block-embed is-type-video is-provider-youtube wp-block-embed-youtube wp-embed-aspect-4-3 wp-has-aspect-ratio\"><div class=\"wp-block-embed__wrapper\">\n<iframe title=\"Nova den\u00fancia aponta que cerca de 300 alunos matriculados na EJA em Cip\u00f3, pertencem a outras cidades\" width=\"500\" height=\"375\" src=\"https:\/\/www.youtube.com\/embed\/MSYW-9wvMWs?feature=oembed\" frameborder=\"0\" allow=\"accelerometer; autoplay; clipboard-write; encrypted-media; gyroscope; picture-in-picture; web-share\" referrerpolicy=\"strict-origin-when-cross-origin\" allowfullscreen><\/iframe>\n<\/div><\/figure>\n\n\n\n<p><em>Reda\u00e7\u00e3o: Portal Alerta<\/em><\/p>\n","protected":false},"excerpt":{"rendered":"<p>Na \u00faltima sexta-feira (10), o advogado Gildson Gomes dos Santos, ingressou com um Aditamento \u00e0 Representa\u00e7\u00e3o feita junto ao Tribunal de Contas dos Munic\u00edpios da Bahia, denunciando novos fatos em rela\u00e7\u00e3o ao Programa Educa\u00e7\u00e3o para Jovens e Adultos, em Cip\u00f3-BA.<\/p>\n","protected":false},"author":2,"featured_media":76221,"comment_status":"open","ping_status":"open","sticky":false,"template":"","format":"standard","meta":{"om_disable_all_campaigns":false,"_monsterinsights_skip_tracking":false,"_monsterinsights_sitenote_active":false,"_monsterinsights_sitenote_note":"","_monsterinsights_sitenote_category":0,"footnotes":""},"categories":[13,70,20,69,21,32,16,12],"tags":[100,71,48,75,45,46,152,1043,129,107,44,132,230,106,203,120,51,109,88,47,111,190],"class_list":["post-76229","post","type-post","status-publish","format-standard","has-post-thumbnail","hentry","category-cipo","category-destaques","category-educacao","category-noticias2","category-politica","category-regiao","category-ribeira-do-amparo","category-tucano","tag-adustina","tag-antas","tag-araci","tag-cicero-dantas","tag-cipo","tag-crisopolis","tag-denuncia","tag-eja","tag-euclides-da-cunha","tag-fatima","tag-heliopolis","tag-itapicuru","tag-jeremoabo","tag-nova-soure","tag-novo-triunfo","tag-olindina","tag-paripiranga","tag-quijingue","tag-ribeira-do-amparo","tag-ribeira-do-pombal","tag-sitio-do-quinto","tag-tucano"],"aioseo_notices":[],"_links":{"self":[{"href":"https:\/\/www.portalalerta.com.br\/index.php\/wp-json\/wp\/v2\/posts\/76229","targetHints":{"allow":["GET"]}}],"collection":[{"href":"https:\/\/www.portalalerta.com.br\/index.php\/wp-json\/wp\/v2\/posts"}],"about":[{"href":"https:\/\/www.portalalerta.com.br\/index.php\/wp-json\/wp\/v2\/types\/post"}],"author":[{"embeddable":true,"href":"https:\/\/www.portalalerta.com.br\/index.php\/wp-json\/wp\/v2\/users\/2"}],"replies":[{"embeddable":true,"href":"https:\/\/www.portalalerta.com.br\/index.php\/wp-json\/wp\/v2\/comments?post=76229"}],"version-history":[{"count":2,"href":"https:\/\/www.portalalerta.com.br\/index.php\/wp-json\/wp\/v2\/posts\/76229\/revisions"}],"predecessor-version":[{"id":76232,"href":"https:\/\/www.portalalerta.com.br\/index.php\/wp-json\/wp\/v2\/posts\/76229\/revisions\/76232"}],"wp:featuredmedia":[{"embeddable":true,"href":"https:\/\/www.portalalerta.com.br\/index.php\/wp-json\/wp\/v2\/media\/76221"}],"wp:attachment":[{"href":"https:\/\/www.portalalerta.com.br\/index.php\/wp-json\/wp\/v2\/media?parent=76229"}],"wp:term":[{"taxonomy":"category","embeddable":true,"href":"https:\/\/www.portalalerta.com.br\/index.php\/wp-json\/wp\/v2\/categories?post=76229"},{"taxonomy":"post_tag","embeddable":true,"href":"https:\/\/www.portalalerta.com.br\/index.php\/wp-json\/wp\/v2\/tags?post=76229"}],"curies":[{"name":"wp","href":"https:\/\/api.w.org\/{rel}","templated":true}]}}