{"id":76425,"date":"2025-10-21T10:50:01","date_gmt":"2025-10-21T13:50:01","guid":{"rendered":"https:\/\/www.portalalerta.com.br\/?p=76425"},"modified":"2025-10-21T18:02:55","modified_gmt":"2025-10-21T21:02:55","slug":"ex-presidente-da-franca-sarkozy-chega-em-prisao-para-comecar-a-cumprir-pena","status":"publish","type":"post","link":"https:\/\/www.portalalerta.com.br\/index.php\/2025\/10\/21\/ex-presidente-da-franca-sarkozy-chega-em-prisao-para-comecar-a-cumprir-pena\/","title":{"rendered":"Ex-presidente da Fran\u00e7a Sarkozy chega em pris\u00e3o para come\u00e7ar a cumprir pena"},"content":{"rendered":"\n<p>Pol\u00edtico foi condenado a cinco anos de pris\u00e3o por conspira\u00e7\u00e3o criminosa e afirmou que vai concorrer enquanto alega inoc\u00eancia<\/p>\n\n\n\n<!--more-->\n\n\n\n<p>O ex-presidente da Fran\u00e7a, Nicolas Sarkozy, entrou em uma pris\u00e3o em Paris nesta ter\u00e7a-feira (21), no primeiro dia de uma senten\u00e7a de cinco anos, marcando a primeira vez que um ex-l\u00edder franc\u00eas da era moderna passa por um per\u00edodo preso.<\/p>\n\n\n\n<p>O ex-presidente&nbsp;foi condenado a cinco anos de pris\u00e3o&nbsp;por conspira\u00e7\u00e3o criminosa no m\u00eas passado, por seu papel em um esquema para financiar sua campanha presidencial de 2007 com recursos da L\u00edbia em troca de favores diplom\u00e1ticos.<\/p>\n\n\n\n<p>Sarkozy, que deixou o cargo em 2012, pretende recorrer, mas, enquanto isso, dever\u00e1 ocupar uma cela em confinamento solit\u00e1rio ou na chamada&nbsp;\u201cala VIP\u201d do complexo prisional de La Sant\u00e9.<\/p>\n\n\n\n<p>Essa ala geralmente \u00e9 reservada para presos considerados inadequados para serem mantidos entre a popula\u00e7\u00e3o carcer\u00e1ria em geral, geralmente por temores por sua seguran\u00e7a.<\/p>\n\n\n\n<p>Eles podem ser pol\u00edticos, ex-policiais, membros de organiza\u00e7\u00f5es de ultradireita ou pessoas ligadas a grupos terroristas isl\u00e2micos, informou a afiliada da&nbsp;CNN, BFMTV.<\/p>\n\n\n\n<p>Em uma declara\u00e7\u00e3o publicada na rede social X, logo ap\u00f3s o carro que o transportava partir para a pris\u00e3o, Sarkozy enfatizou que \u00e9 um \u201chomem inocente\u201d.<\/p>\n\n\n\n<p><strong><em>\u201cEnquanto me preparo para entrar nos muros da pris\u00e3o de La Sant\u00e9, meus pensamentos est\u00e3o com o povo franc\u00eas de todas as classes sociais e opini\u00f5es\u201d<\/em><\/strong>, disse ele.<\/p>\n\n\n\n<p><strong><em>\u201cQuero dizer a eles, com minha for\u00e7a inabal\u00e1vel, que n\u00e3o \u00e9 um ex-presidente da Rep\u00fablica que est\u00e1 preso esta manh\u00e3, \u00e9 um homem inocente\u201d<\/em><\/strong>, continuou.<\/p>\n\n\n\n<p>O ex-l\u00edder disse que <strong><em>\u201ccontinuar\u00e1 a denunciar este esc\u00e2ndalo judicial\u201d<\/em><\/strong>, mas acrescentou que <strong><em>\u201cn\u00e3o \u00e9 digno de pena, porque minha esposa e meus filhos est\u00e3o ao meu lado, e meus amigos s\u00e3o incont\u00e1veis\u201d.<\/em><\/strong><\/p>\n\n\n\n<p>Na manh\u00e3 desta ter\u00e7a-feira (21), no entanto, Sarkozy disse sentir <strong><em>\u201cuma profunda tristeza pela Fran\u00e7a, que se v\u00ea humilhada pela express\u00e3o de uma vingan\u00e7a que elevou o \u00f3dio a um n\u00edvel sem precedentes\u201d.<\/em><\/strong><\/p>\n\n\n\n<blockquote class=\"tiktok-embed\" cite=\"https:\/\/www.tiktok.com\/@portalalerta\/video\/7563768818821107000\" data-video-id=\"7563768818821107000\" style=\"max-width: 605px;min-width: 325px;\" > <section> <a target=\"_blank\" title=\"@portalalerta\" href=\"https:\/\/www.tiktok.com\/@portalalerta?refer=embed\" rel=\"noopener\">@portalalerta<\/a> <p>Ex-presidente da Fran\u00e7a Sarkozy chega em pris\u00e3o para come\u00e7ar a cumprir pena  O ex-presidente da Fran\u00e7a, Nicolas Sarkozy, entrou em uma pris\u00e3o em Paris nesta ter\u00e7a-feira (21), no primeiro dia de uma senten\u00e7a de cinco anos, marcando a primeira vez que um ex-l\u00edder franc\u00eas da era moderna passa por um per\u00edodo preso.  #mundo #franca #expresidente #preso #nicolassarkozy #portalalerta #portal_alerta #deolhonanoticia<\/p> <a target=\"_blank\" title=\"\u266c som original  - Portal Alerta\" href=\"https:\/\/www.tiktok.com\/music\/som-original-Portal-Alerta-7563768879920204600?refer=embed\" rel=\"noopener\">\u266c som original  &#8211; Portal Alerta<\/a> <\/section> <\/blockquote> <script async src=\"https:\/\/www.tiktok.com\/embed.js\"><\/script>\n\n\n\n<p><em>Fonte: CNN<\/em><\/p>\n","protected":false},"excerpt":{"rendered":"<p>Pol\u00edtico foi condenado a cinco anos de pris\u00e3o por conspira\u00e7\u00e3o criminosa e afirmou que vai concorrer enquanto alega inoc\u00eancia<\/p>\n","protected":false},"author":2,"featured_media":76426,"comment_status":"open","ping_status":"open","sticky":false,"template":"","format":"standard","meta":{"om_disable_all_campaigns":false,"_monsterinsights_skip_tracking":false,"_monsterinsights_sitenote_active":false,"_monsterinsights_sitenote_note":"","_monsterinsights_sitenote_category":0,"footnotes":""},"categories":[70,35,69,21],"tags":[100,71,48,75,4178,4180,129,107,751,4181,132,230,339,8398,106,203,120,51,199,109,88,47,111,190],"class_list":["post-76425","post","type-post","status-publish","format-standard","has-post-thumbnail","hentry","category-destaques","category-mundo","category-noticias2","category-politica","tag-adustina","tag-antas","tag-araci","tag-cicero-dantas","tag-cipo-2","tag-crisopolis-2","tag-euclides-da-cunha","tag-fatima","tag-franca","tag-heliopolis-2","tag-itapicuru","tag-jeremoabo","tag-mundo","tag-nicolas-sarkozy","tag-nova-soure","tag-novo-triunfo","tag-olindina","tag-paripiranga","tag-politica","tag-quijingue","tag-ribeira-do-amparo","tag-ribeira-do-pombal","tag-sitio-do-quinto","tag-tucano"],"aioseo_notices":[],"_links":{"self":[{"href":"https:\/\/www.portalalerta.com.br\/index.php\/wp-json\/wp\/v2\/posts\/76425","targetHints":{"allow":["GET"]}}],"collection":[{"href":"https:\/\/www.portalalerta.com.br\/index.php\/wp-json\/wp\/v2\/posts"}],"about":[{"href":"https:\/\/www.portalalerta.com.br\/index.php\/wp-json\/wp\/v2\/types\/post"}],"author":[{"embeddable":true,"href":"https:\/\/www.portalalerta.com.br\/index.php\/wp-json\/wp\/v2\/users\/2"}],"replies":[{"embeddable":true,"href":"https:\/\/www.portalalerta.com.br\/index.php\/wp-json\/wp\/v2\/comments?post=76425"}],"version-history":[{"count":2,"href":"https:\/\/www.portalalerta.com.br\/index.php\/wp-json\/wp\/v2\/posts\/76425\/revisions"}],"predecessor-version":[{"id":76458,"href":"https:\/\/www.portalalerta.com.br\/index.php\/wp-json\/wp\/v2\/posts\/76425\/revisions\/76458"}],"wp:featuredmedia":[{"embeddable":true,"href":"https:\/\/www.portalalerta.com.br\/index.php\/wp-json\/wp\/v2\/media\/76426"}],"wp:attachment":[{"href":"https:\/\/www.portalalerta.com.br\/index.php\/wp-json\/wp\/v2\/media?parent=76425"}],"wp:term":[{"taxonomy":"category","embeddable":true,"href":"https:\/\/www.portalalerta.com.br\/index.php\/wp-json\/wp\/v2\/categories?post=76425"},{"taxonomy":"post_tag","embeddable":true,"href":"https:\/\/www.portalalerta.com.br\/index.php\/wp-json\/wp\/v2\/tags?post=76425"}],"curies":[{"name":"wp","href":"https:\/\/api.w.org\/{rel}","templated":true}]}}